{"id":9176,"date":"2025-06-16T22:20:37","date_gmt":"2025-06-16T20:20:37","guid":{"rendered":"https:\/\/agostinjani.org\/?p=9176"},"modified":"2025-06-16T22:25:27","modified_gmt":"2025-06-16T20:25:27","slug":"festa-familja-agostinjana-2025","status":"publish","type":"post","link":"https:\/\/agostinjani.org\/mt\/ahbarijiet\/festa-familja-agostinjana-2025\/","title":{"rendered":"Festa Familja Agostinjana 2025"},"content":{"rendered":"\n<p>Din is-sena l-Kummissjoni Provin\u010bjali tal-Laj\u010bi Agostinjani re\u0121g\u0127et organizzat il-Festa Familja Agostinjana. Din saret nhar is-Sibt, 7 ta \u0120unju 2025. L-iskop ta\u2019 din l-attivita\u2019 hija li l-laj\u010bi mid\u0127la tag\u0127na l-Agostinjani f\u2019Malta u G\u0127awdex, jiltaqg\u0127u flimkien biex jitolbu, jie\u0127du gost f\u2019ambjent rilassanti u sabi\u0127, u fuq kollox jikbru fil-\u0127biberija u l-komunjoni bejniethom.<\/p>\n\n\n\n<p>L-attivit\u00e0 &nbsp;ta\u2019 qabel din kienet saret fil-Knisja tag\u0127na l-Agostinjani f\u2019Paceville nhar is-7 ta Mejju 2025. Dakinhar il-laj\u010bi kellhom laqg\u0127a ta\u2019 riflessjoni fuq persona\u0121\u0121i mill-Bibbja li huma sinjali ta\u2019 tama.&nbsp; Billi dakinhar kien g\u0127addej il-Konklavi tal-Kardnali kien sar talb g\u0127all-g\u0127a\u017cla ta\u2019 Papa \u0121did. Mulej sema\u2019 talbna g\u0127ax l-g\u0127ada, il-\u0126amis 8 ta\u2019 Mejju \u0121ie elett mhux biss Papa \u0121did, imma Papa Agostinjan fil-persuna ta\u2019 Patri Robert Francis Prevost li \u0127a l-isem ta\u2019 Ljun XIV.<\/p>\n\n\n\n<p>Il-festa Familja Agostinjana 2025 bdiet b\u2019quddiesa votiva g\u0127all-b\u017connijiet tal-Papa Ljun XIV. Din saret fil-Knisja Parrokkjali ta\u2019 \u0120es\u00f9 Nazzarenu f\u2019Tas-Sliema milI-Provin\u010bjal, P. Leslie Gatt OSA.<\/p>\n\n\n\n<p>Wara l-quddiesa l-laj\u010bi marru Harbour Cruise il-port ta\u2019 Marsamxett u l-Port il-Kbir. Waqt il-Harbour crusie l-laj\u010bi ing\u0127ataw kafe jew te u snack. Minn tas-Sliema waslu l-Birgu fejn kellna ikla tajba flimkien f\u2019wie\u0127ed mir-restoranti tal-Birgu Waterfront. Konna \u2018il fuq minn mitt ruh. Kul\u0127add \u0127a gost f\u2019din il-Festa Familja&nbsp; Agostitnjana b\u2019differenza.<\/p>\n\n\n\n<p>Nie\u0127u l-oppotunita\u2019 biex nirringrazzja \u0127afna lill-membri kollha tal-Kummissjoni Provin\u010bjali tal-Laj\u010bi Agostinjani li g\u0127amlu minn kollox biex din l-attivita\u2019 setg\u0127et tkun possibli u tilaq l-iskop tag\u0127ha li \u0121ib numru kbir ta\u2019 laj\u010bi mid\u0127la ta\u2019 l-Agostinjani flimkien.<\/p>\n\n\n\n<p><em>P. Franco Grech osa<\/em><\/p>\n\n\n\n<figure class=\"wp-block-gallery has-nested-images columns-default is-cropped wp-block-gallery-1 is-layout-flex wp-block-gallery-is-layout-flex\">\n<figure class=\"wp-block-image size-large\"><img data-recalc-dims=\"1\" fetchpriority=\"high\" decoding=\"async\" width=\"1200\" height=\"675\" data-id=\"9185\" src=\"https:\/\/i0.wp.com\/agostinjani.org\/wp-content\/uploads\/2025\/06\/2025.06-harga-lajci01-1.jpg?resize=1200%2C675&#038;ssl=1\" alt=\"\" class=\"wp-image-9185\" srcset=\"https:\/\/i0.wp.com\/agostinjani.org\/wp-content\/uploads\/2025\/06\/2025.06-harga-lajci01-1.jpg?resize=1200%2C675&amp;ssl=1 1200w, https:\/\/i0.wp.com\/agostinjani.org\/wp-content\/uploads\/2025\/06\/2025.06-harga-lajci01-1.jpg?resize=900%2C506&amp;ssl=1 900w, https:\/\/i0.wp.com\/agostinjani.org\/wp-content\/uploads\/2025\/06\/2025.06-harga-lajci01-1.jpg?resize=768%2C432&amp;ssl=1 768w, https:\/\/i0.wp.com\/agostinjani.org\/wp-content\/uploads\/2025\/06\/2025.06-harga-lajci01-1.jpg?resize=1536%2C864&amp;ssl=1 1536w, https:\/\/i0.wp.com\/agostinjani.org\/wp-content\/uploads\/2025\/06\/2025.06-harga-lajci01-1.jpg?w=2000&amp;ssl=1 2000w\" sizes=\"(max-width: 1000px) 100vw, 1000px\" \/><\/figure>\n\n\n\n<figure class=\"wp-block-image size-large\"><img data-recalc-dims=\"1\" decoding=\"async\" width=\"1200\" height=\"675\" data-id=\"9187\" src=\"https:\/\/i0.wp.com\/agostinjani.org\/wp-content\/uploads\/2025\/06\/2025.06-harga-lajci02-1.jpg?resize=1200%2C675&#038;ssl=1\" alt=\"\" class=\"wp-image-9187\" srcset=\"https:\/\/i0.wp.com\/agostinjani.org\/wp-content\/uploads\/2025\/06\/2025.06-harga-lajci02-1.jpg?resize=1200%2C675&amp;ssl=1 1200w, https:\/\/i0.wp.com\/agostinjani.org\/wp-content\/uploads\/2025\/06\/2025.06-harga-lajci02-1.jpg?resize=900%2C506&amp;ssl=1 900w, https:\/\/i0.wp.com\/agostinjani.org\/wp-content\/uploads\/2025\/06\/2025.06-harga-lajci02-1.jpg?resize=768%2C432&amp;ssl=1 768w, https:\/\/i0.wp.com\/agostinjani.org\/wp-content\/uploads\/2025\/06\/2025.06-harga-lajci02-1.jpg?resize=1536%2C864&amp;ssl=1 1536w, https:\/\/i0.wp.com\/agostinjani.org\/wp-content\/uploads\/2025\/06\/2025.06-harga-lajci02-1.jpg?w=2000&amp;ssl=1 2000w\" sizes=\"(max-width: 1000px) 100vw, 1000px\" \/><\/figure>\n\n\n\n<figure class=\"wp-block-image size-large\"><img data-recalc-dims=\"1\" decoding=\"async\" width=\"1080\" height=\"608\" data-id=\"9183\" src=\"https:\/\/i0.wp.com\/agostinjani.org\/wp-content\/uploads\/2025\/06\/2025.06-harga-lajci03-1.jpg?resize=1080%2C608&#038;ssl=1\" alt=\"\" class=\"wp-image-9183\" srcset=\"https:\/\/i0.wp.com\/agostinjani.org\/wp-content\/uploads\/2025\/06\/2025.06-harga-lajci03-1.jpg?w=1080&amp;ssl=1 1080w, https:\/\/i0.wp.com\/agostinjani.org\/wp-content\/uploads\/2025\/06\/2025.06-harga-lajci03-1.jpg?resize=900%2C507&amp;ssl=1 900w, https:\/\/i0.wp.com\/agostinjani.org\/wp-content\/uploads\/2025\/06\/2025.06-harga-lajci03-1.jpg?resize=768%2C432&amp;ssl=1 768w\" sizes=\"(max-width: 1000px) 100vw, 1000px\" \/><\/figure>\n<\/figure>\n","protected":false},"excerpt":{"rendered":"<p>Din is-sena l-Kummissjoni Provin\u010bjali tal-Laj\u010bi Agostinjani re\u0121g\u0127et organizzat il-Festa Familja Agostinjana. Din saret nhar is-Sibt, 7 ta \u0120unju 2025. L-iskop ta\u2019 din l-attivita\u2019 hija li l-laj\u010bi mid\u0127la tag\u0127na l-Agostinjani f\u2019Malta u G\u0127awdex, jiltaqg\u0127u flimkien biex jitolbu, jie\u0127du gost f\u2019ambjent rilassanti u sabi\u0127, u fuq kollox jikbru fil-\u0127biberija u l-komunjoni bejniethom. L-attivit\u00e0 &nbsp;ta\u2019 qabel din kienet saret fil-Knisja tag\u0127na l-Agostinjani f\u2019Paceville nhar is-7 ta Mejju 2025. Dakinhar il-laj\u010bi kellhom laqg\u0127a ta\u2019 [&hellip;]<\/p>\n","protected":false},"author":4,"featured_media":9183,"comment_status":"closed","ping_status":"closed","sticky":false,"template":"","format":"standard","meta":{"_uag_custom_page_level_css":"","site-sidebar-layout":"default","site-content-layout":"","ast-site-content-layout":"default","site-content-style":"default","site-sidebar-style":"default","ast-global-header-display":"","ast-banner-title-visibility":"","ast-main-header-display":"","ast-hfb-above-header-display":"","ast-hfb-below-header-display":"","ast-hfb-mobile-header-display":"","site-post-title":"","ast-breadcrumbs-content":"","ast-featured-img":"","footer-sml-layout":"","ast-disable-related-posts":"","theme-transparent-header-meta":"","adv-header-id-meta":"","stick-header-meta":"","header-above-stick-meta":"","header-main-stick-meta":"","header-below-stick-meta":"","astra-migrate-meta-layouts":"set","ast-page-background-enabled":"default","ast-page-background-meta":{"desktop":{"background-color":"var(--ast-global-color-4)","background-image":"","background-repeat":"repeat","background-position":"center center","background-size":"auto","background-attachment":"scroll","background-type":"","background-media":"","overlay-type":"","overlay-color":"","overlay-opacity":"","overlay-gradient":""},"tablet":{"background-color":"","background-image":"","background-repeat":"repeat","background-position":"center center","background-size":"auto","background-attachment":"scroll","background-type":"","background-media":"","overlay-type":"","overlay-color":"","overlay-opacity":"","overlay-gradient":""},"mobile":{"background-color":"","background-image":"","background-repeat":"repeat","background-position":"center center","background-size":"auto","background-attachment":"scroll","background-type":"","background-media":"","overlay-type":"","overlay-color":"","overlay-opacity":"","overlay-gradient":""}},"ast-content-background-meta":{"desktop":{"background-color":"var(--ast-global-color-5)","background-image":"","background-repeat":"repeat","background-position":"center center","background-size":"auto","background-attachment":"scroll","background-type":"","background-media":"","overlay-type":"","overlay-color":"","overlay-opacity":"","overlay-gradient":""},"tablet":{"background-color":"var(--ast-global-color-5)","background-image":"","background-repeat":"repeat","background-position":"center center","background-size":"auto","background-attachment":"scroll","background-type":"","background-media":"","overlay-type":"","overlay-color":"","overlay-opacity":"","overlay-gradient":""},"mobile":{"background-color":"var(--ast-global-color-5)","background-image":"","background-repeat":"repeat","background-position":"center center","background-size":"auto","background-attachment":"scroll","background-type":"","background-media":"","overlay-type":"","overlay-color":"","overlay-opacity":"","overlay-gradient":""}},"footnotes":""},"categories":[83,165],"tags":[],"class_list":["post-9176","post","type-post","status-publish","format-standard","has-post-thumbnail","hentry","category-ahbarijiet","category-lajci"],"uagb_featured_image_src":{"full":["https:\/\/i0.wp.com\/agostinjani.org\/wp-content\/uploads\/2025\/06\/2025.06-harga-lajci03-1.jpg?fit=1080%2C608&ssl=1",1080,608,false],"thumbnail":["https:\/\/i0.wp.com\/agostinjani.org\/wp-content\/uploads\/2025\/06\/2025.06-harga-lajci03-1.jpg?resize=350%2C350&ssl=1",350,350,true],"medium":["https:\/\/i0.wp.com\/agostinjani.org\/wp-content\/uploads\/2025\/06\/2025.06-harga-lajci03-1.jpg?fit=900%2C507&ssl=1",900,507,true],"medium_large":["https:\/\/i0.wp.com\/agostinjani.org\/wp-content\/uploads\/2025\/06\/2025.06-harga-lajci03-1.jpg?fit=768%2C432&ssl=1",768,432,true],"large":["https:\/\/i0.wp.com\/agostinjani.org\/wp-content\/uploads\/2025\/06\/2025.06-harga-lajci03-1.jpg?fit=1080%2C608&ssl=1",1080,608,true],"1536x1536":["https:\/\/i0.wp.com\/agostinjani.org\/wp-content\/uploads\/2025\/06\/2025.06-harga-lajci03-1.jpg?fit=1080%2C608&ssl=1",1080,608,true],"2048x2048":["https:\/\/i0.wp.com\/agostinjani.org\/wp-content\/uploads\/2025\/06\/2025.06-harga-lajci03-1.jpg?fit=1080%2C608&ssl=1",1080,608,true],"gform-image-choice-sm":["https:\/\/i0.wp.com\/agostinjani.org\/wp-content\/uploads\/2025\/06\/2025.06-harga-lajci03-1.jpg?resize=300%2C300&ssl=1",300,300,true],"gform-image-choice-md":["https:\/\/i0.wp.com\/agostinjani.org\/wp-content\/uploads\/2025\/06\/2025.06-harga-lajci03-1.jpg?resize=400%2C400&ssl=1",400,400,true],"gform-image-choice-lg":["https:\/\/i0.wp.com\/agostinjani.org\/wp-content\/uploads\/2025\/06\/2025.06-harga-lajci03-1.jpg?resize=600%2C600&ssl=1",600,600,true]},"uagb_author_info":{"display_name":"Fr Terence Spiteri","author_link":"https:\/\/agostinjani.org\/mt\/author\/frterences\/"},"uagb_comment_info":0,"uagb_excerpt":"Din is-sena l-Kummissjoni Provin\u010bjali tal-Laj\u010bi Agostinjani re\u0121g\u0127et organizzat il-Festa Familja Agostinjana. Din saret nhar is-Sibt, 7 ta \u0120unju 2025. L-iskop ta\u2019 din l-attivita\u2019 hija li l-laj\u010bi mid\u0127la tag\u0127na l-Agostinjani f\u2019Malta u G\u0127awdex, jiltaqg\u0127u flimkien biex jitolbu, jie\u0127du gost f\u2019ambjent rilassanti u sabi\u0127, u fuq kollox jikbru fil-\u0127biberija u l-komunjoni bejniethom. L-attivit\u00e0 &nbsp;ta\u2019 qabel din kienet&hellip;","_links":{"self":[{"href":"https:\/\/agostinjani.org\/mt\/wp-json\/wp\/v2\/posts\/9176","targetHints":{"allow":["GET"]}}],"collection":[{"href":"https:\/\/agostinjani.org\/mt\/wp-json\/wp\/v2\/posts"}],"about":[{"href":"https:\/\/agostinjani.org\/mt\/wp-json\/wp\/v2\/types\/post"}],"author":[{"embeddable":true,"href":"https:\/\/agostinjani.org\/mt\/wp-json\/wp\/v2\/users\/4"}],"replies":[{"embeddable":true,"href":"https:\/\/agostinjani.org\/mt\/wp-json\/wp\/v2\/comments?post=9176"}],"version-history":[{"count":2,"href":"https:\/\/agostinjani.org\/mt\/wp-json\/wp\/v2\/posts\/9176\/revisions"}],"predecessor-version":[{"id":9192,"href":"https:\/\/agostinjani.org\/mt\/wp-json\/wp\/v2\/posts\/9176\/revisions\/9192"}],"wp:featuredmedia":[{"embeddable":true,"href":"https:\/\/agostinjani.org\/mt\/wp-json\/wp\/v2\/media\/9183"}],"wp:attachment":[{"href":"https:\/\/agostinjani.org\/mt\/wp-json\/wp\/v2\/media?parent=9176"}],"wp:term":[{"taxonomy":"category","embeddable":true,"href":"https:\/\/agostinjani.org\/mt\/wp-json\/wp\/v2\/categories?post=9176"},{"taxonomy":"post_tag","embeddable":true,"href":"https:\/\/agostinjani.org\/mt\/wp-json\/wp\/v2\/tags?post=9176"}],"curies":[{"name":"wp","href":"https:\/\/api.w.org\/{rel}","templated":true}]}}