{"id":794,"date":"2021-05-20T16:29:58","date_gmt":"2021-05-20T16:29:58","guid":{"rendered":"https:\/\/dev.agostinjani.org\/ahbarijiet\/p-javier-perez-barba-osa-assistent-generali-gdid\/"},"modified":"2021-05-20T16:29:58","modified_gmt":"2021-05-20T16:29:58","slug":"p-javier-perez-barba-osa-assistent-generali-gdid","status":"publish","type":"post","link":"https:\/\/agostinjani.org\/mt\/ahbarijiet\/p-javier-perez-barba-osa-assistent-generali-gdid\/","title":{"rendered":"P. Javier P\u00e9rez Barba OSA, Assistent \u0120enerali \u0121did"},"content":{"rendered":"<p style=\"text-align: justify;\">Il-Pirjol \u0120enerali tal-Ordni ta\u2019 Santu Wistin, Patri Alejandro Moral Ant\u00f3n flimkien mal-Kunsill \u0120enerali, ja\u0127tru lil Patri Javier P\u00e9rez Barba OSA, mill-Provin\u010bja ta\u2019 San Juan de Sahag\u00fan fi Spanja, Assistent \u0120enerali g\u0127an-Nofsinhar tal-Ewropa tal-Ordni ta\u2019 Santu Wistin (Malta, Italja u Spanja), li jissostitwixxi lil P. Luis Mar\u00edn de San Mart\u00edn OSA, re\u010bentement ma\u0127tur Sottosegretarju tas-Sinodu tal-Isqfijiet u Isqof ikkonsagrat.<\/p>\n<p style=\"text-align: justify;\">Javier twieled f&#8217;Salamanca (SPANJA) fis-27 ta &#8216;Lulju, 1979 u huwa affiljat mal-Provin\u010bja ta&#8217; San Juan de Sahagun fi Spanja. Huwa g\u0127andu Li\u010benzja fi Studji Ekkle\u017cjasti\u010bi mill-Universit\u00e0 Pontifi\u010bja ta\u2019 Salamanca (2004) u Li\u010benzja fil-Matematika mill-Universit\u00e0 ta\u2019 Malaga (2010). Mill-2014 huwa serva b&#8217;mod dili\u0121enti u leali b\u0127ala Direttur \u0120enerali ta&#8217; Colegio Los Olivos f&#8217;M\u00e1laga, Spanja.<\/p>\n<p style=\"text-align: justify;\">B\u0127ala Provin\u010bja nixtiequ inwasslu l-awgurju tag\u0127na lil P. Javier, nirringrazzjawh tad-disponibilit\u00e0 tieg\u0127u u nweg\u0127duh it-talb tag\u0127na.<\/p>\n","protected":false},"excerpt":{"rendered":"<p>Il-Pirjol \u0120enerali tal-Ordni ta\u2019 Santu Wistin, Patri Alejandro Moral Ant\u00f3n flimkien mal-Kunsill \u0120enerali, ja\u0127tru lil Patri Javier P\u00e9rez Barba OSA, mill-Provin\u010bja ta\u2019 San Juan de Sahag\u00fan fi Spanja, Assistent \u0120enerali g\u0127an-Nofsinhar tal-Ewropa tal-Ordni ta\u2019 Santu Wistin (Malta, Italja u Spanja), li jissostitwixxi lil P. Luis Mar\u00edn de San Mart\u00edn OSA, re\u010bentement ma\u0127tur Sottosegretarju tas-Sinodu tal-Isqfijiet u Isqof ikkonsagrat. Javier twieled f&#8217;Salamanca (SPANJA) fis-27 ta &#8216;Lulju, 1979 u huwa affiljat mal-Provin\u010bja [&hellip;]<\/p>\n","protected":false},"author":4,"featured_media":2131,"comment_status":"","ping_status":"","sticky":false,"template":"","format":"standard","meta":{"_uag_custom_page_level_css":"","site-sidebar-layout":"default","site-content-layout":"","ast-site-content-layout":"default","site-content-style":"default","site-sidebar-style":"default","ast-global-header-display":"","ast-banner-title-visibility":"","ast-main-header-display":"","ast-hfb-above-header-display":"","ast-hfb-below-header-display":"","ast-hfb-mobile-header-display":"","site-post-title":"","ast-breadcrumbs-content":"","ast-featured-img":"","footer-sml-layout":"","ast-disable-related-posts":"","theme-transparent-header-meta":"","adv-header-id-meta":"","stick-header-meta":"","header-above-stick-meta":"","header-main-stick-meta":"","header-below-stick-meta":"","astra-migrate-meta-layouts":"default","ast-page-background-enabled":"default","ast-page-background-meta":{"desktop":{"background-color":"var(--ast-global-color-4)","background-image":"","background-repeat":"repeat","background-position":"center center","background-size":"auto","background-attachment":"scroll","background-type":"","background-media":"","overlay-type":"","overlay-color":"","overlay-opacity":"","overlay-gradient":""},"tablet":{"background-color":"","background-image":"","background-repeat":"repeat","background-position":"center center","background-size":"auto","background-attachment":"scroll","background-type":"","background-media":"","overlay-type":"","overlay-color":"","overlay-opacity":"","overlay-gradient":""},"mobile":{"background-color":"","background-image":"","background-repeat":"repeat","background-position":"center center","background-size":"auto","background-attachment":"scroll","background-type":"","background-media":"","overlay-type":"","overlay-color":"","overlay-opacity":"","overlay-gradient":""}},"ast-content-background-meta":{"desktop":{"background-color":"var(--ast-global-color-5)","background-image":"","background-repeat":"repeat","background-position":"center center","background-size":"auto","background-attachment":"scroll","background-type":"","background-media":"","overlay-type":"","overlay-color":"","overlay-opacity":"","overlay-gradient":""},"tablet":{"background-color":"var(--ast-global-color-5)","background-image":"","background-repeat":"repeat","background-position":"center center","background-size":"auto","background-attachment":"scroll","background-type":"","background-media":"","overlay-type":"","overlay-color":"","overlay-opacity":"","overlay-gradient":""},"mobile":{"background-color":"var(--ast-global-color-5)","background-image":"","background-repeat":"repeat","background-position":"center center","background-size":"auto","background-attachment":"scroll","background-type":"","background-media":"","overlay-type":"","overlay-color":"","overlay-opacity":"","overlay-gradient":""}},"footnotes":""},"categories":[83],"tags":[],"class_list":["post-794","post","type-post","status-publish","format-standard","has-post-thumbnail","hentry","category-ahbarijiet"],"uagb_featured_image_src":{"full":["https:\/\/i0.wp.com\/agostinjani.org\/wp-content\/uploads\/2021\/05\/20210520_-_Assistant_General_800px_MLT.jpg?fit=700%2C451&ssl=1",700,451,false],"thumbnail":["https:\/\/i0.wp.com\/agostinjani.org\/wp-content\/uploads\/2021\/05\/20210520_-_Assistant_General_800px_MLT.jpg?resize=350%2C350&ssl=1",350,350,true],"medium":["https:\/\/i0.wp.com\/agostinjani.org\/wp-content\/uploads\/2021\/05\/20210520_-_Assistant_General_800px_MLT.jpg?fit=300%2C193&ssl=1",300,193,true],"medium_large":["https:\/\/i0.wp.com\/agostinjani.org\/wp-content\/uploads\/2021\/05\/20210520_-_Assistant_General_800px_MLT.jpg?fit=700%2C451&ssl=1",700,451,true],"large":["https:\/\/i0.wp.com\/agostinjani.org\/wp-content\/uploads\/2021\/05\/20210520_-_Assistant_General_800px_MLT.jpg?fit=700%2C451&ssl=1",700,451,true],"1536x1536":["https:\/\/i0.wp.com\/agostinjani.org\/wp-content\/uploads\/2021\/05\/20210520_-_Assistant_General_800px_MLT.jpg?fit=700%2C451&ssl=1",700,451,true],"2048x2048":["https:\/\/i0.wp.com\/agostinjani.org\/wp-content\/uploads\/2021\/05\/20210520_-_Assistant_General_800px_MLT.jpg?fit=700%2C451&ssl=1",700,451,true],"gform-image-choice-sm":["https:\/\/i0.wp.com\/agostinjani.org\/wp-content\/uploads\/2021\/05\/20210520_-_Assistant_General_800px_MLT.jpg?resize=300%2C300&ssl=1",300,300,true],"gform-image-choice-md":["https:\/\/i0.wp.com\/agostinjani.org\/wp-content\/uploads\/2021\/05\/20210520_-_Assistant_General_800px_MLT.jpg?resize=400%2C400&ssl=1",400,400,true],"gform-image-choice-lg":["https:\/\/i0.wp.com\/agostinjani.org\/wp-content\/uploads\/2021\/05\/20210520_-_Assistant_General_800px_MLT.jpg?resize=600%2C451&ssl=1",600,451,true]},"uagb_author_info":{"display_name":"Fr Terence Spiteri","author_link":"https:\/\/agostinjani.org\/mt\/author\/frterences\/"},"uagb_comment_info":0,"uagb_excerpt":"Il-Pirjol \u0120enerali tal-Ordni ta\u2019 Santu Wistin, Patri Alejandro Moral Ant\u00f3n flimkien mal-Kunsill \u0120enerali, ja\u0127tru lil Patri Javier P\u00e9rez Barba OSA, mill-Provin\u010bja ta\u2019 San Juan de Sahag\u00fan fi Spanja, Assistent \u0120enerali g\u0127an-Nofsinhar tal-Ewropa tal-Ordni ta\u2019 Santu Wistin (Malta, Italja u Spanja), li jissostitwixxi lil P. Luis Mar\u00edn de San Mart\u00edn OSA, re\u010bentement ma\u0127tur Sottosegretarju tas-Sinodu tal-Isqfijiet&hellip;","_links":{"self":[{"href":"https:\/\/agostinjani.org\/mt\/wp-json\/wp\/v2\/posts\/794","targetHints":{"allow":["GET"]}}],"collection":[{"href":"https:\/\/agostinjani.org\/mt\/wp-json\/wp\/v2\/posts"}],"about":[{"href":"https:\/\/agostinjani.org\/mt\/wp-json\/wp\/v2\/types\/post"}],"author":[{"embeddable":true,"href":"https:\/\/agostinjani.org\/mt\/wp-json\/wp\/v2\/users\/4"}],"replies":[{"embeddable":true,"href":"https:\/\/agostinjani.org\/mt\/wp-json\/wp\/v2\/comments?post=794"}],"version-history":[{"count":0,"href":"https:\/\/agostinjani.org\/mt\/wp-json\/wp\/v2\/posts\/794\/revisions"}],"wp:featuredmedia":[{"embeddable":true,"href":"https:\/\/agostinjani.org\/mt\/wp-json\/wp\/v2\/media\/2131"}],"wp:attachment":[{"href":"https:\/\/agostinjani.org\/mt\/wp-json\/wp\/v2\/media?parent=794"}],"wp:term":[{"taxonomy":"category","embeddable":true,"href":"https:\/\/agostinjani.org\/mt\/wp-json\/wp\/v2\/categories?post=794"},{"taxonomy":"post_tag","embeddable":true,"href":"https:\/\/agostinjani.org\/mt\/wp-json\/wp\/v2\/tags?post=794"}],"curies":[{"name":"wp","href":"https:\/\/api.w.org\/{rel}","templated":true}]}}