{"id":701,"date":"2021-01-13T08:07:06","date_gmt":"2021-01-13T08:07:06","guid":{"rendered":"https:\/\/dev.agostinjani.org\/ahbarijiet\/inkunu-bennejja-ta-komunita-evangelika-laqghat-ta-formazzjoni\/"},"modified":"2021-01-13T08:07:06","modified_gmt":"2021-01-13T08:07:06","slug":"inkunu-bennejja-ta-komunita-evangelika-laqghat-ta-formazzjoni","status":"publish","type":"post","link":"https:\/\/agostinjani.org\/mt\/ahbarijiet\/inkunu-bennejja-ta-komunita-evangelika-laqghat-ta-formazzjoni\/","title":{"rendered":"Inkunu bennejja ta&#8217; Komunita&#8217; Evan\u0121elika &#8211; Laqg\u0127at ta\u2019 Formazzjoni"},"content":{"rendered":"<p style=\"text-align: justify;\">\u201cDak li g\u0127amlek ming\u0127ajrek ma jsalvakx ming\u0127ajrek\u201d (Santu Wistin<em>, Kummentarju fuq Salm 169,13<\/em>). G\u0127alhekk a\u0127na r-reli\u0121ju\u017ci Agostinjani n\u0127ossu l-b\u017conn li ni\u0121\u0121eddu dejjem. Wie\u0127ed mill-modi kif dan isir huwa permezz tal-Formazzjoni Permanenti. Din il-Formazzjoni tie\u0127u sens mill-fatt li a\u0127na r-reli\u0121ju\u017ci g\u0127andna b\u017conn insostnu u nag\u0127tu \u0127ajja \u0121dida l-grazzja tal-vokazzjoni tag\u0127na. Kif ifakkarna Santu Wistin: \u201cJekk tg\u0127id: \u2018Daqshekk, bi\u017c\u017cejjed\u2019, tmut. Imxi dejjem \u2018il quddiem, la tieqafx, la t\u0127arisx lura, tie\u0127ux triq b\u2019o\u0127ra. Min ma jimxix \u2018il quddiem jieqaf, min ma jmurx \u2018il quddiem imur lura\u201d (Santu Wistin, <em>Serm, 169,15.18<\/em>)<\/p>\n<p style=\"text-align: justify;\">G\u0127alhekk nhar l-Erbg\u0127a, 13 ta&#8217; Jannar 2021 bdejna sensiela ta\u2019 laqg\u0127at ta\u2019 Formazzjoni bit-tema: <strong>Inkunu bennejja ta&#8217; Komunita&#8217; Evan\u0121elika<\/strong>. Il-laqg\u0127at qed imexxihom Fr. Philip Cutajar OFM Cap.<\/p>\n<p style=\"text-align: justify;\">L-ewwel laqg\u0127a saret fil-Knisja ddedikata lil San Nikola ta\u2019 Tolentino f\u2019\u0126al Tarxien. G\u0127a\u017cilna li l-laqg\u0127a tkun fil-knisja biex inkunu nistg\u0127u n\u017commu a\u0127jar d-distanzi so\u010bjali min\u0127abba l-pandemija. Il-laqg\u0127a bdiet bit-talba tal-G\u0127asar u wara saret il-konferenza minn Fr Philip.<\/p>\n<p style=\"text-align: justify;\">Nitolbukom titolbu g\u0127alina r-reli\u0121ju\u017ci agostinjani f\u2019Malta u G\u0127awdex, biex dawn il-laqg\u0127at i\u0127allu frott spiritwali fina, \u0127alli ng\u0127ixu dejjem a\u0127jar il-komunjoni ta\u2019 bejnietna, biex inkunu xhieda tal-Evan\u0121elju fost il-Poplu ta\u2019 Alla f\u2019dawn il-g\u017cejjer.<\/p>\n","protected":false},"excerpt":{"rendered":"<p>\u201cDak li g\u0127amlek ming\u0127ajrek ma jsalvakx ming\u0127ajrek\u201d (Santu Wistin, Kummentarju fuq Salm 169,13). G\u0127alhekk a\u0127na r-reli\u0121ju\u017ci Agostinjani n\u0127ossu l-b\u017conn li ni\u0121\u0121eddu dejjem. Wie\u0127ed mill-modi kif dan isir huwa permezz tal-Formazzjoni Permanenti. Din il-Formazzjoni tie\u0127u sens mill-fatt li a\u0127na r-reli\u0121ju\u017ci g\u0127andna b\u017conn insostnu u nag\u0127tu \u0127ajja \u0121dida l-grazzja tal-vokazzjoni tag\u0127na. Kif ifakkarna Santu Wistin: \u201cJekk tg\u0127id: \u2018Daqshekk, bi\u017c\u017cejjed\u2019, tmut. Imxi dejjem \u2018il quddiem, la tieqafx, la t\u0127arisx lura, tie\u0127ux triq b\u2019o\u0127ra. [&hellip;]<\/p>\n","protected":false},"author":4,"featured_media":2057,"comment_status":"","ping_status":"","sticky":false,"template":"","format":"standard","meta":{"_uag_custom_page_level_css":"","site-sidebar-layout":"default","site-content-layout":"","ast-site-content-layout":"default","site-content-style":"default","site-sidebar-style":"default","ast-global-header-display":"","ast-banner-title-visibility":"","ast-main-header-display":"","ast-hfb-above-header-display":"","ast-hfb-below-header-display":"","ast-hfb-mobile-header-display":"","site-post-title":"","ast-breadcrumbs-content":"","ast-featured-img":"","footer-sml-layout":"","ast-disable-related-posts":"","theme-transparent-header-meta":"","adv-header-id-meta":"","stick-header-meta":"","header-above-stick-meta":"","header-main-stick-meta":"","header-below-stick-meta":"","astra-migrate-meta-layouts":"default","ast-page-background-enabled":"default","ast-page-background-meta":{"desktop":{"background-color":"var(--ast-global-color-4)","background-image":"","background-repeat":"repeat","background-position":"center center","background-size":"auto","background-attachment":"scroll","background-type":"","background-media":"","overlay-type":"","overlay-color":"","overlay-opacity":"","overlay-gradient":""},"tablet":{"background-color":"","background-image":"","background-repeat":"repeat","background-position":"center center","background-size":"auto","background-attachment":"scroll","background-type":"","background-media":"","overlay-type":"","overlay-color":"","overlay-opacity":"","overlay-gradient":""},"mobile":{"background-color":"","background-image":"","background-repeat":"repeat","background-position":"center center","background-size":"auto","background-attachment":"scroll","background-type":"","background-media":"","overlay-type":"","overlay-color":"","overlay-opacity":"","overlay-gradient":""}},"ast-content-background-meta":{"desktop":{"background-color":"var(--ast-global-color-5)","background-image":"","background-repeat":"repeat","background-position":"center center","background-size":"auto","background-attachment":"scroll","background-type":"","background-media":"","overlay-type":"","overlay-color":"","overlay-opacity":"","overlay-gradient":""},"tablet":{"background-color":"var(--ast-global-color-5)","background-image":"","background-repeat":"repeat","background-position":"center center","background-size":"auto","background-attachment":"scroll","background-type":"","background-media":"","overlay-type":"","overlay-color":"","overlay-opacity":"","overlay-gradient":""},"mobile":{"background-color":"var(--ast-global-color-5)","background-image":"","background-repeat":"repeat","background-position":"center center","background-size":"auto","background-attachment":"scroll","background-type":"","background-media":"","overlay-type":"","overlay-color":"","overlay-opacity":"","overlay-gradient":""}},"footnotes":""},"categories":[83],"tags":[],"class_list":["post-701","post","type-post","status-publish","format-standard","has-post-thumbnail","hentry","category-ahbarijiet"],"uagb_featured_image_src":{"full":["https:\/\/i0.wp.com\/agostinjani.org\/wp-content\/uploads\/2021\/01\/20210113_-_form_perm800px.jpg?fit=800%2C500&ssl=1",800,500,false],"thumbnail":["https:\/\/i0.wp.com\/agostinjani.org\/wp-content\/uploads\/2021\/01\/20210113_-_form_perm800px.jpg?resize=350%2C350&ssl=1",350,350,true],"medium":["https:\/\/i0.wp.com\/agostinjani.org\/wp-content\/uploads\/2021\/01\/20210113_-_form_perm800px.jpg?fit=300%2C188&ssl=1",300,188,true],"medium_large":["https:\/\/i0.wp.com\/agostinjani.org\/wp-content\/uploads\/2021\/01\/20210113_-_form_perm800px.jpg?fit=768%2C480&ssl=1",768,480,true],"large":["https:\/\/i0.wp.com\/agostinjani.org\/wp-content\/uploads\/2021\/01\/20210113_-_form_perm800px.jpg?fit=800%2C500&ssl=1",800,500,true],"1536x1536":["https:\/\/i0.wp.com\/agostinjani.org\/wp-content\/uploads\/2021\/01\/20210113_-_form_perm800px.jpg?fit=800%2C500&ssl=1",800,500,true],"2048x2048":["https:\/\/i0.wp.com\/agostinjani.org\/wp-content\/uploads\/2021\/01\/20210113_-_form_perm800px.jpg?fit=800%2C500&ssl=1",800,500,true],"gform-image-choice-sm":["https:\/\/i0.wp.com\/agostinjani.org\/wp-content\/uploads\/2021\/01\/20210113_-_form_perm800px.jpg?resize=300%2C300&ssl=1",300,300,true],"gform-image-choice-md":["https:\/\/i0.wp.com\/agostinjani.org\/wp-content\/uploads\/2021\/01\/20210113_-_form_perm800px.jpg?resize=400%2C400&ssl=1",400,400,true],"gform-image-choice-lg":["https:\/\/i0.wp.com\/agostinjani.org\/wp-content\/uploads\/2021\/01\/20210113_-_form_perm800px.jpg?resize=600%2C500&ssl=1",600,500,true]},"uagb_author_info":{"display_name":"Fr Terence Spiteri","author_link":"https:\/\/agostinjani.org\/mt\/author\/frterences\/"},"uagb_comment_info":0,"uagb_excerpt":"\u201cDak li g\u0127amlek ming\u0127ajrek ma jsalvakx ming\u0127ajrek\u201d (Santu Wistin, Kummentarju fuq Salm 169,13). G\u0127alhekk a\u0127na r-reli\u0121ju\u017ci Agostinjani n\u0127ossu l-b\u017conn li ni\u0121\u0121eddu dejjem. Wie\u0127ed mill-modi kif dan isir huwa permezz tal-Formazzjoni Permanenti. Din il-Formazzjoni tie\u0127u sens mill-fatt li a\u0127na r-reli\u0121ju\u017ci g\u0127andna b\u017conn insostnu u nag\u0127tu \u0127ajja \u0121dida l-grazzja tal-vokazzjoni tag\u0127na. Kif ifakkarna Santu Wistin: \u201cJekk tg\u0127id:&hellip;","_links":{"self":[{"href":"https:\/\/agostinjani.org\/mt\/wp-json\/wp\/v2\/posts\/701","targetHints":{"allow":["GET"]}}],"collection":[{"href":"https:\/\/agostinjani.org\/mt\/wp-json\/wp\/v2\/posts"}],"about":[{"href":"https:\/\/agostinjani.org\/mt\/wp-json\/wp\/v2\/types\/post"}],"author":[{"embeddable":true,"href":"https:\/\/agostinjani.org\/mt\/wp-json\/wp\/v2\/users\/4"}],"replies":[{"embeddable":true,"href":"https:\/\/agostinjani.org\/mt\/wp-json\/wp\/v2\/comments?post=701"}],"version-history":[{"count":0,"href":"https:\/\/agostinjani.org\/mt\/wp-json\/wp\/v2\/posts\/701\/revisions"}],"wp:featuredmedia":[{"embeddable":true,"href":"https:\/\/agostinjani.org\/mt\/wp-json\/wp\/v2\/media\/2057"}],"wp:attachment":[{"href":"https:\/\/agostinjani.org\/mt\/wp-json\/wp\/v2\/media?parent=701"}],"wp:term":[{"taxonomy":"category","embeddable":true,"href":"https:\/\/agostinjani.org\/mt\/wp-json\/wp\/v2\/categories?post=701"},{"taxonomy":"post_tag","embeddable":true,"href":"https:\/\/agostinjani.org\/mt\/wp-json\/wp\/v2\/tags?post=701"}],"curies":[{"name":"wp","href":"https:\/\/api.w.org\/{rel}","templated":true}]}}