{"id":661,"date":"2020-06-27T16:11:07","date_gmt":"2020-06-27T16:11:07","guid":{"rendered":"https:\/\/dev.agostinjani.org\/malti\/qaddisin-u-beati-agostinjani\/beati-agostinjani\/beatu-gregorju-celli-11-ta-mejju\/"},"modified":"2024-06-27T12:45:32","modified_gmt":"2024-06-27T10:45:32","slug":"beatu-gregorju-celli-11-ta-mejju","status":"publish","type":"post","link":"https:\/\/agostinjani.org\/mt\/qaddisin-u-beati-agostinjani\/beati-agostinjani\/beatu-gregorju-celli-11-ta-mejju\/","title":{"rendered":"Beatu Gregorju Celli &#8211; 11 ta&#8217; Mejju"},"content":{"rendered":"<p style=\"text-align: justify;\">Il-\u0127ajja tal-Beatu Gregorju hija ta\u0127lita ta\u2019 verit\u00e0 storika u le\u0121\u0121enda. Dan g\u0127aliex ma waslux sa g\u0127andna dokumenti ta\u2019 \u017cmienu u l-bijografiji dwaru huma pjuttost tardivi. Hekk g\u0127andna l-kundizzjonijiet adatti sabiex fl-a\u0121jografija (ji\u0121ifieri l-kitbiet fuq il-\u0127ajja tal-qaddis)\u00a0 insibu din it-ta\u0127lita interessanti li fiha, aktar ma jg\u0127addi \u017cmien, aktar isir diffi\u010bli tag\u0127raf il-veru mill-ist\u0127ajjil. Wie\u0127ed irid jiftakar li l-a\u0121jografija medjevali ma g\u0127andhiex b\u0127ala g\u0127an li tg\u0127id il-verit\u00e0, skont il-kriterji tag\u0127na tal-lum, imma pjuttost li tippre\u017centa mudell ta\u2019 qdusija. Li huwa \u017cgur hu l-fatt li dan il-beatu jg\u0127aqqad flimkien \u017cew\u0121 epoki importanti tal-istorja, ji\u0121ifieri l-hekk imsej\u0127a <em>preistorja Agostinjana <\/em>u l-istorja vera u proprja tal-Ordni minn wara t-twaqqif tieg\u0127u fl-1244. Il-beatu Gregorju seta\u2019 jg\u0127aqqad dawn i\u017c-\u017cew\u0121 \u017cminijiet distinti min\u0127abba l-\u0127ajja twila li g\u0127ex, billi jidher li miet wara li qabe\u017c sewwa l-mitt sena.<\/p>\n<p style=\"text-align: justify;\">Twieled g\u0127all-\u0127abta tal-1225 fil-belt ta\u2019 Verrucchio, qrib il-belt portwali ta\u2019 Rimini, fejn probabilment trabba f\u2019familja pjuttost komda, dan g\u0127aliex l-g\u0127ejun bijografi\u010bi jsemmu li l-\u0121enituri tieg\u0127u xtaquh isir avukat, fuq il-passi ta\u2019 missieru. F\u2019ra\u0127al twelidu kien hemm kunvent tal-\u0120amboniti, ji\u0121ifieri, ta\u2019 dawk ir-reli\u0121ju\u017ci imwaqqfin mill-beatu \u0120wanni Bono u li fl-1256 kellhom jing\u0127aqdu mal-Ordni tal-Eremiti ta\u2019 Santu Wistin ta\u2019 Tuscia sabiex jiffurmaw \u2013 flimkien ma\u2019 g\u0127add ta\u2019 kongregazzjonijiet o\u0127rajn \u2013 l-Ordni tal-Eremiti ta\u2019 Santu Wistin. Il-beatu Gregorju g\u0127ex din l-esperjenza ta\u2019 formazzjoni tal-Ordni Agostinjan: da\u0127al mal-\u0120amboniti imma miet fl-Ordni ta\u2019 S. Wistin.<\/p>\n<p style=\"text-align: justify;\">G\u0127ex l-ewwel \u017cmien ta\u2019 \u0127ajtu fil-kongregazzjoni tal-\u0120amboniti, g\u0127al xi \u017cmien anke fl-istess komunit\u00e0 fejn kien jg\u0127ix il-fundatur tag\u0127hom f\u2019Cesena. Qabel g\u0127amel il-professjoni \u0127alla \u0121idu kollu g\u0127all-kunvent ta\u2019 Verruchio. Gregorju kien reli\u0121ju\u017c li \u0127a bis-serjet\u00e0 l-formazzjoni tieg\u0127u, u dan il-fatt g\u0127en sabiex jing\u0127a\u017cel mis-Superjur \u0120enerali tal-\u0120amboniti sabiex Gregorju ja\u0127dem kontra l-ere\u017cija tal-Katari, tant mifruxa f\u2019dik i\u017c-\u017cona tal-Italja. Hekk g\u0127adda parti kbira ta\u2019 \u0127ajtu, jipprietka bil-kelma u bl-e\u017cempju, tant li kien ji\u0121bed lejh \u2013 ming\u0127ajr ma jrid \u2013 l-ammirazzjoni u l-\u0121ie\u0127 tal-popolazzjoni. Di\u0121\u00e0 anzjan, fis-sena tal-ewwel \u0120ublew tal-Istorja tal-Knisja, ji\u0121ifieri dak tal-1300, huwa mar Ruma b\u0127ala pellegrin fuq l-oqbra tal-appostli Pietru u Pawlu. Kellu okka\u017cjoni li jiltaqa\u2019 mal-\u0120eneral tal-Agostinjani, il-Beatu Wistin minn Tarano u mieg\u0127u qasam il-\u0127olma li, issa li temm il-\u0127idma tal-predikazzjoni, jirtira f\u2019xi post i\u017colat b\u0127ala eremita. Il-\u0120eneral tah il-permess me\u0127tie\u0121 hekk li Gregorju re\u0121a\u2019 lura g\u0127all-vokazzjoni ewlenija tieg\u0127u, dik li jkun f\u2019komunit\u00e0 ta\u2019 eremiti Agostinjani fejn l-ewwel missjoni tag\u0127hom tkun il-\u0127ajja ta\u2019 \u0121abra, talb u kontemplazzjoni. Ta\u2019 aktar minn mitt sena \u0127alla din id-dinja fis-sena 1343. Dwar il-mewt tieg\u0127u l-istorja tit\u0127allat aktar mal-ist\u0127ajjil, tant li jing\u0127ad li l-\u0121isem tieg\u0127u ttie\u0127ed fuq dahar ta\u2019 \u0127mara minn qrib Rieti g\u0127al Verrucchio, ra\u0127al twelidu, fejn hemm iltlaqa\u2019 bid-daqq festiv tal-qniepen u l-g\u0127a\u0121eb tan-nies, li b\u2019qima difnuh ta\u0127t l-altar tal-Knisja. Jing\u0127ad li anke l-\u0127mara li fuqha g\u0127amel il-vja\u0121\u0121 st\u0127aqqilha difna spe\u010bjali, b\u2019rikonoxximent g\u0127al dan l-a\u0121ir tag\u0127na.<\/p>\n<p style=\"text-align: justify;\">Minkejja li jidher li kien ibbeatifikat fl-1357, min\u0127abba li kienu ntilfu d-dokumenti li jag\u0127tu xhieda g\u0127al dan, fl-1757 re\u0121a\u2019 sar il-pro\u010bess g\u0127all-konferma tal-kult tieg\u0127u <em>ab immemorabili<\/em>. Klement XIV irrikonoxxa il-kult tieg\u0127u fl-1769. Il-fdalijiet tieg\u0127u g\u0127adhom sal-lum fil-knisja ta\u2019 Santu Wistin f\u2019Verrucchio.<\/p>\n<p style=\"text-align: justify;\">L-ewlenin qaddisin tal-Ordni Agostinjan huma mezz sabiex l-Agostinjani ta\u2019 kull \u017cmien isibu l-g\u0127eruq tal-vokazzjoni tag\u0127hom. Il-Beatu Gregorju huwa e\u017cempju \u010bar ta\u2019 dan, billi f\u2019dak li nafu dwar il-\u0127ajja tieg\u0127u, naraw mag\u0127qudin \u0127a\u0121a wa\u0127da x-xewqa qawwija ta\u2019 \u0127ajja kontemplattiva mal-azzjoni u l-predikazzjoni f\u2019qadi tal-poplu ta\u2019 Alla.<\/p>\n<p style=\"text-align: justify;\">\u00a0<em>Fr. Josef Sciberras osa<\/em><\/p>\n","protected":false},"excerpt":{"rendered":"<p>Il-\u0127ajja tal-Beatu Gregorju hija ta\u0127lita ta\u2019 verit\u00e0 storika u le\u0121\u0121enda. Dan g\u0127aliex ma waslux sa g\u0127andna dokumenti ta\u2019 \u017cmienu u l-bijografiji dwaru huma pjuttost tardivi. Hekk g\u0127andna l-kundizzjonijiet adatti sabiex fl-a\u0121jografija (ji\u0121ifieri l-kitbiet fuq il-\u0127ajja tal-qaddis)\u00a0 insibu din it-ta\u0127lita interessanti li fiha, aktar ma jg\u0127addi \u017cmien, aktar isir diffi\u010bli tag\u0127raf il-veru mill-ist\u0127ajjil. Wie\u0127ed irid jiftakar li l-a\u0121jografija medjevali ma g\u0127andhiex b\u0127ala g\u0127an li tg\u0127id il-verit\u00e0, skont il-kriterji tag\u0127na tal-lum, imma [&hellip;]<\/p>\n","protected":false},"author":4,"featured_media":1985,"comment_status":"closed","ping_status":"closed","sticky":false,"template":"","format":"standard","meta":{"_uag_custom_page_level_css":"","site-sidebar-layout":"default","site-content-layout":"","ast-site-content-layout":"default","site-content-style":"default","site-sidebar-style":"default","ast-global-header-display":"","ast-banner-title-visibility":"","ast-main-header-display":"","ast-hfb-above-header-display":"","ast-hfb-below-header-display":"","ast-hfb-mobile-header-display":"","site-post-title":"","ast-breadcrumbs-content":"","ast-featured-img":"","footer-sml-layout":"","ast-disable-related-posts":"","theme-transparent-header-meta":"","adv-header-id-meta":"","stick-header-meta":"","header-above-stick-meta":"","header-main-stick-meta":"","header-below-stick-meta":"","astra-migrate-meta-layouts":"default","ast-page-background-enabled":"default","ast-page-background-meta":{"desktop":{"background-color":"var(--ast-global-color-4)","background-image":"","background-repeat":"repeat","background-position":"center center","background-size":"auto","background-attachment":"scroll","background-type":"","background-media":"","overlay-type":"","overlay-color":"","overlay-opacity":"","overlay-gradient":""},"tablet":{"background-color":"","background-image":"","background-repeat":"repeat","background-position":"center center","background-size":"auto","background-attachment":"scroll","background-type":"","background-media":"","overlay-type":"","overlay-color":"","overlay-opacity":"","overlay-gradient":""},"mobile":{"background-color":"","background-image":"","background-repeat":"repeat","background-position":"center center","background-size":"auto","background-attachment":"scroll","background-type":"","background-media":"","overlay-type":"","overlay-color":"","overlay-opacity":"","overlay-gradient":""}},"ast-content-background-meta":{"desktop":{"background-color":"var(--ast-global-color-5)","background-image":"","background-repeat":"repeat","background-position":"center center","background-size":"auto","background-attachment":"scroll","background-type":"","background-media":"","overlay-type":"","overlay-color":"","overlay-opacity":"","overlay-gradient":""},"tablet":{"background-color":"var(--ast-global-color-5)","background-image":"","background-repeat":"repeat","background-position":"center center","background-size":"auto","background-attachment":"scroll","background-type":"","background-media":"","overlay-type":"","overlay-color":"","overlay-opacity":"","overlay-gradient":""},"mobile":{"background-color":"var(--ast-global-color-5)","background-image":"","background-repeat":"repeat","background-position":"center center","background-size":"auto","background-attachment":"scroll","background-type":"","background-media":"","overlay-type":"","overlay-color":"","overlay-opacity":"","overlay-gradient":""}},"footnotes":""},"categories":[125],"tags":[],"class_list":["post-661","post","type-post","status-publish","format-standard","has-post-thumbnail","hentry","category-beati-agostinjani"],"uagb_featured_image_src":{"full":["https:\/\/i0.wp.com\/agostinjani.org\/wp-content\/uploads\/2020\/06\/023Gregorju_Celli.jpg?fit=288%2C422&ssl=1",288,422,false],"thumbnail":["https:\/\/i0.wp.com\/agostinjani.org\/wp-content\/uploads\/2020\/06\/023Gregorju_Celli.jpg?resize=288%2C350&ssl=1",288,350,true],"medium":["https:\/\/i0.wp.com\/agostinjani.org\/wp-content\/uploads\/2020\/06\/023Gregorju_Celli.jpg?fit=205%2C300&ssl=1",205,300,true],"medium_large":["https:\/\/i0.wp.com\/agostinjani.org\/wp-content\/uploads\/2020\/06\/023Gregorju_Celli.jpg?fit=288%2C422&ssl=1",288,422,true],"large":["https:\/\/i0.wp.com\/agostinjani.org\/wp-content\/uploads\/2020\/06\/023Gregorju_Celli.jpg?fit=288%2C422&ssl=1",288,422,true],"1536x1536":["https:\/\/i0.wp.com\/agostinjani.org\/wp-content\/uploads\/2020\/06\/023Gregorju_Celli.jpg?fit=288%2C422&ssl=1",288,422,true],"2048x2048":["https:\/\/i0.wp.com\/agostinjani.org\/wp-content\/uploads\/2020\/06\/023Gregorju_Celli.jpg?fit=288%2C422&ssl=1",288,422,true],"gform-image-choice-sm":["https:\/\/i0.wp.com\/agostinjani.org\/wp-content\/uploads\/2020\/06\/023Gregorju_Celli.jpg?resize=288%2C300&ssl=1",288,300,true],"gform-image-choice-md":["https:\/\/i0.wp.com\/agostinjani.org\/wp-content\/uploads\/2020\/06\/023Gregorju_Celli.jpg?resize=288%2C400&ssl=1",288,400,true],"gform-image-choice-lg":["https:\/\/i0.wp.com\/agostinjani.org\/wp-content\/uploads\/2020\/06\/023Gregorju_Celli.jpg?resize=288%2C422&ssl=1",288,422,true]},"uagb_author_info":{"display_name":"Fr Terence Spiteri","author_link":"https:\/\/agostinjani.org\/mt\/author\/frterences\/"},"uagb_comment_info":0,"uagb_excerpt":"Il-\u0127ajja tal-Beatu Gregorju hija ta\u0127lita ta\u2019 verit\u00e0 storika u le\u0121\u0121enda. Dan g\u0127aliex ma waslux sa g\u0127andna dokumenti ta\u2019 \u017cmienu u l-bijografiji dwaru huma pjuttost tardivi. Hekk g\u0127andna l-kundizzjonijiet adatti sabiex fl-a\u0121jografija (ji\u0121ifieri l-kitbiet fuq il-\u0127ajja tal-qaddis)\u00a0 insibu din it-ta\u0127lita interessanti li fiha, aktar ma jg\u0127addi \u017cmien, aktar isir diffi\u010bli tag\u0127raf il-veru mill-ist\u0127ajjil. Wie\u0127ed irid jiftakar&hellip;","_links":{"self":[{"href":"https:\/\/agostinjani.org\/mt\/wp-json\/wp\/v2\/posts\/661","targetHints":{"allow":["GET"]}}],"collection":[{"href":"https:\/\/agostinjani.org\/mt\/wp-json\/wp\/v2\/posts"}],"about":[{"href":"https:\/\/agostinjani.org\/mt\/wp-json\/wp\/v2\/types\/post"}],"author":[{"embeddable":true,"href":"https:\/\/agostinjani.org\/mt\/wp-json\/wp\/v2\/users\/4"}],"replies":[{"embeddable":true,"href":"https:\/\/agostinjani.org\/mt\/wp-json\/wp\/v2\/comments?post=661"}],"version-history":[{"count":1,"href":"https:\/\/agostinjani.org\/mt\/wp-json\/wp\/v2\/posts\/661\/revisions"}],"predecessor-version":[{"id":6787,"href":"https:\/\/agostinjani.org\/mt\/wp-json\/wp\/v2\/posts\/661\/revisions\/6787"}],"wp:featuredmedia":[{"embeddable":true,"href":"https:\/\/agostinjani.org\/mt\/wp-json\/wp\/v2\/media\/1985"}],"wp:attachment":[{"href":"https:\/\/agostinjani.org\/mt\/wp-json\/wp\/v2\/media?parent=661"}],"wp:term":[{"taxonomy":"category","embeddable":true,"href":"https:\/\/agostinjani.org\/mt\/wp-json\/wp\/v2\/categories?post=661"},{"taxonomy":"post_tag","embeddable":true,"href":"https:\/\/agostinjani.org\/mt\/wp-json\/wp\/v2\/tags?post=661"}],"curies":[{"name":"wp","href":"https:\/\/api.w.org\/{rel}","templated":true}]}}