{"id":592,"date":"2020-10-27T10:22:06","date_gmt":"2020-10-27T10:22:06","guid":{"rendered":"https:\/\/dev.agostinjani.org\/ahbarijiet\/kardinal-gdid-lill-knisja-fil-gzejjer-taghna\/"},"modified":"2020-10-27T10:22:06","modified_gmt":"2020-10-27T10:22:06","slug":"kardinal-gdid-lill-knisja-fil-gzejjer-taghna","status":"publish","type":"post","link":"https:\/\/agostinjani.org\/mt\/ahbarijiet\/kardinal-gdid-lill-knisja-fil-gzejjer-taghna\/","title":{"rendered":"Kardinal \u0121did lill-Knisja fil-g\u017cejjer tag\u0127na."},"content":{"rendered":"<p style=\"text-align: justify;\">Wara biss ftit xhur mil-mewt ta&#8217; \u0127una l-mibki Kardinal Prospero Grech, il-Papa g\u0127o\u0121bu jag\u0127ti lill-Knisja fil-g\u017cejjer tag\u0127na kardinal \u0121did fil-persuna ta\u2019 Mons. Mario Grech, Isqof Emeritus tad-djo\u010besi ta\u2019 G\u0127awdex u Segretarju tas-Sinodu tal-Isqfijiet f\u2019Ruma. F\u2019post li tella fuq il-media so\u010bjali, l-Isqof Grech irringrazzja lill-Familja Agostinjana, u partikolarment lill-Pirjol \u0120enerali u l-Komunit\u00e0 tal-Kurja tal-Ordni f\u2019Ruma fejn qed jg\u0127ix g\u0127al din l-a\u0127\u0127ar sena u fejn kien ikun ospitat kuldarba li kien ikun Ruma matul is-snin tal-episkopat tieg\u0127u. Fl-2017 filfatt l-Isqof Mario kien \u0121ie affiljat uffi\u010bjalment fil-Familja tag\u0127na Agostinjana, u b\u2019hekk huwa meqjus b\u0127ala iben l-Ordni f\u2019rabta spiritwali.<\/p>\n<p style=\"text-align: justify;\">L-Isqof Mario Grech twieled il-Qala G\u0127awdex fl-20 ta\u2019 Frar 1957. Huwa \u0127a l-edukazzjoni tieg\u0127u fl-iskejjel tal-istat u wara kompla bl-istudju tal-Filosofija u t-Teologija fis-Seminarju tal-Qalb ta\u2019 \u0120esu f\u2019G\u0127awdex.\u00a0 Wara l-Ordinazzjoni Sa\u010berdotali tieg\u0127u fis-26 ta\u2019 Mejju 1984 huwa kompla l-istudji tieg\u0127u f\u2019Ruma minfejn kiseb Li\u010benzja mill-Universita Pontifi\u010bja tal-Lateran u Dottorat fid-Dritt Kanoniku mill-Universita Pontifi\u010bja Angelicum. Lura Malta huwa serva f\u2019diversi uffi\u010b\u010bji fosthom dak ta\u2019 Vigarju \u0120udizzjarju tad-djo\u010besi ta\u2019 G\u0127awdex, g\u0127alliem tad-dritt Kanoniku fis-seminarju ta\u2019 G\u0127awdex, membru tat-Tribunal Metropolitan ta\u2019 Malta u kappillan fil-Parro\u010b\u010ba ta\u2019 Ker\u010bem. Fis-26 ta\u2019 Novembru 2011 il-Papa Benedittu XVI \u0127atru isqof ta\u2019 G\u0127awdex fejn serva sakemm il-Papa Fran\u0121siku \u0127atru Pro-Segretarju \u0120enerali tas-Sinodu tal-Isqfijiet u fil-15 ta\u2019 Settembru 2020 Segretarju tal-istess Sinodu tal-isqfijiet.<\/p>\n<p style=\"text-align: justify;\">Il-Provin\u010bja Agostinjana Maltija tifra\u0127 lil Mons. Mario Grech fl-okka\u017cjoni tan-nomina tieg\u0127u b\u0127ala kardinal u tirringrazzjah tal-vi\u010binanza tieg\u0127u, waqt li tawguralu fis-servizz li qed jag\u0127ti lill-Knisja Universali<\/p>\n","protected":false},"excerpt":{"rendered":"<p>Wara biss ftit xhur mil-mewt ta&#8217; \u0127una l-mibki Kardinal Prospero Grech, il-Papa g\u0127o\u0121bu jag\u0127ti lill-Knisja fil-g\u017cejjer tag\u0127na kardinal \u0121did fil-persuna ta\u2019 Mons. Mario Grech, Isqof Emeritus tad-djo\u010besi ta\u2019 G\u0127awdex u Segretarju tas-Sinodu tal-Isqfijiet f\u2019Ruma. F\u2019post li tella fuq il-media so\u010bjali, l-Isqof Grech irringrazzja lill-Familja Agostinjana, u partikolarment lill-Pirjol \u0120enerali u l-Komunit\u00e0 tal-Kurja tal-Ordni f\u2019Ruma fejn qed jg\u0127ix g\u0127al din l-a\u0127\u0127ar sena u fejn kien ikun ospitat kuldarba li kien ikun [&hellip;]<\/p>\n","protected":false},"author":4,"featured_media":1875,"comment_status":"","ping_status":"","sticky":false,"template":"","format":"standard","meta":{"_uag_custom_page_level_css":"","site-sidebar-layout":"default","site-content-layout":"","ast-site-content-layout":"default","site-content-style":"default","site-sidebar-style":"default","ast-global-header-display":"","ast-banner-title-visibility":"","ast-main-header-display":"","ast-hfb-above-header-display":"","ast-hfb-below-header-display":"","ast-hfb-mobile-header-display":"","site-post-title":"","ast-breadcrumbs-content":"","ast-featured-img":"","footer-sml-layout":"","ast-disable-related-posts":"","theme-transparent-header-meta":"","adv-header-id-meta":"","stick-header-meta":"","header-above-stick-meta":"","header-main-stick-meta":"","header-below-stick-meta":"","astra-migrate-meta-layouts":"default","ast-page-background-enabled":"default","ast-page-background-meta":{"desktop":{"background-color":"var(--ast-global-color-4)","background-image":"","background-repeat":"repeat","background-position":"center center","background-size":"auto","background-attachment":"scroll","background-type":"","background-media":"","overlay-type":"","overlay-color":"","overlay-opacity":"","overlay-gradient":""},"tablet":{"background-color":"","background-image":"","background-repeat":"repeat","background-position":"center center","background-size":"auto","background-attachment":"scroll","background-type":"","background-media":"","overlay-type":"","overlay-color":"","overlay-opacity":"","overlay-gradient":""},"mobile":{"background-color":"","background-image":"","background-repeat":"repeat","background-position":"center center","background-size":"auto","background-attachment":"scroll","background-type":"","background-media":"","overlay-type":"","overlay-color":"","overlay-opacity":"","overlay-gradient":""}},"ast-content-background-meta":{"desktop":{"background-color":"var(--ast-global-color-5)","background-image":"","background-repeat":"repeat","background-position":"center center","background-size":"auto","background-attachment":"scroll","background-type":"","background-media":"","overlay-type":"","overlay-color":"","overlay-opacity":"","overlay-gradient":""},"tablet":{"background-color":"var(--ast-global-color-5)","background-image":"","background-repeat":"repeat","background-position":"center center","background-size":"auto","background-attachment":"scroll","background-type":"","background-media":"","overlay-type":"","overlay-color":"","overlay-opacity":"","overlay-gradient":""},"mobile":{"background-color":"var(--ast-global-color-5)","background-image":"","background-repeat":"repeat","background-position":"center center","background-size":"auto","background-attachment":"scroll","background-type":"","background-media":"","overlay-type":"","overlay-color":"","overlay-opacity":"","overlay-gradient":""}},"footnotes":""},"categories":[83],"tags":[],"class_list":["post-592","post","type-post","status-publish","format-standard","has-post-thumbnail","hentry","category-ahbarijiet"],"uagb_featured_image_src":{"full":["https:\/\/i0.wp.com\/agostinjani.org\/wp-content\/uploads\/2020\/10\/20201027_-_kardinal_800px.jpg?fit=800%2C600&ssl=1",800,600,false],"thumbnail":["https:\/\/i0.wp.com\/agostinjani.org\/wp-content\/uploads\/2020\/10\/20201027_-_kardinal_800px.jpg?resize=350%2C350&ssl=1",350,350,true],"medium":["https:\/\/i0.wp.com\/agostinjani.org\/wp-content\/uploads\/2020\/10\/20201027_-_kardinal_800px.jpg?fit=300%2C225&ssl=1",300,225,true],"medium_large":["https:\/\/i0.wp.com\/agostinjani.org\/wp-content\/uploads\/2020\/10\/20201027_-_kardinal_800px.jpg?fit=768%2C576&ssl=1",768,576,true],"large":["https:\/\/i0.wp.com\/agostinjani.org\/wp-content\/uploads\/2020\/10\/20201027_-_kardinal_800px.jpg?fit=800%2C600&ssl=1",800,600,true],"1536x1536":["https:\/\/i0.wp.com\/agostinjani.org\/wp-content\/uploads\/2020\/10\/20201027_-_kardinal_800px.jpg?fit=800%2C600&ssl=1",800,600,true],"2048x2048":["https:\/\/i0.wp.com\/agostinjani.org\/wp-content\/uploads\/2020\/10\/20201027_-_kardinal_800px.jpg?fit=800%2C600&ssl=1",800,600,true],"gform-image-choice-sm":["https:\/\/i0.wp.com\/agostinjani.org\/wp-content\/uploads\/2020\/10\/20201027_-_kardinal_800px.jpg?resize=300%2C300&ssl=1",300,300,true],"gform-image-choice-md":["https:\/\/i0.wp.com\/agostinjani.org\/wp-content\/uploads\/2020\/10\/20201027_-_kardinal_800px.jpg?resize=400%2C400&ssl=1",400,400,true],"gform-image-choice-lg":["https:\/\/i0.wp.com\/agostinjani.org\/wp-content\/uploads\/2020\/10\/20201027_-_kardinal_800px.jpg?resize=600%2C600&ssl=1",600,600,true]},"uagb_author_info":{"display_name":"Fr Terence Spiteri","author_link":"https:\/\/agostinjani.org\/mt\/author\/frterences\/"},"uagb_comment_info":0,"uagb_excerpt":"Wara biss ftit xhur mil-mewt ta&#8217; \u0127una l-mibki Kardinal Prospero Grech, il-Papa g\u0127o\u0121bu jag\u0127ti lill-Knisja fil-g\u017cejjer tag\u0127na kardinal \u0121did fil-persuna ta\u2019 Mons. Mario Grech, Isqof Emeritus tad-djo\u010besi ta\u2019 G\u0127awdex u Segretarju tas-Sinodu tal-Isqfijiet f\u2019Ruma. F\u2019post li tella fuq il-media so\u010bjali, l-Isqof Grech irringrazzja lill-Familja Agostinjana, u partikolarment lill-Pirjol \u0120enerali u l-Komunit\u00e0 tal-Kurja tal-Ordni f\u2019Ruma fejn&hellip;","_links":{"self":[{"href":"https:\/\/agostinjani.org\/mt\/wp-json\/wp\/v2\/posts\/592","targetHints":{"allow":["GET"]}}],"collection":[{"href":"https:\/\/agostinjani.org\/mt\/wp-json\/wp\/v2\/posts"}],"about":[{"href":"https:\/\/agostinjani.org\/mt\/wp-json\/wp\/v2\/types\/post"}],"author":[{"embeddable":true,"href":"https:\/\/agostinjani.org\/mt\/wp-json\/wp\/v2\/users\/4"}],"replies":[{"embeddable":true,"href":"https:\/\/agostinjani.org\/mt\/wp-json\/wp\/v2\/comments?post=592"}],"version-history":[{"count":0,"href":"https:\/\/agostinjani.org\/mt\/wp-json\/wp\/v2\/posts\/592\/revisions"}],"wp:featuredmedia":[{"embeddable":true,"href":"https:\/\/agostinjani.org\/mt\/wp-json\/wp\/v2\/media\/1875"}],"wp:attachment":[{"href":"https:\/\/agostinjani.org\/mt\/wp-json\/wp\/v2\/media?parent=592"}],"wp:term":[{"taxonomy":"category","embeddable":true,"href":"https:\/\/agostinjani.org\/mt\/wp-json\/wp\/v2\/categories?post=592"},{"taxonomy":"post_tag","embeddable":true,"href":"https:\/\/agostinjani.org\/mt\/wp-json\/wp\/v2\/tags?post=592"}],"curies":[{"name":"wp","href":"https:\/\/api.w.org\/{rel}","templated":true}]}}