{"id":437,"date":"2020-03-05T07:23:27","date_gmt":"2020-03-05T07:23:27","guid":{"rendered":"https:\/\/dev.agostinjani.org\/ahbarijiet\/qum-aqbad-friexek-u-imxi-lajci-agostinjani\/"},"modified":"2023-12-14T14:29:56","modified_gmt":"2023-12-14T13:29:56","slug":"qum-aqbad-friexek-u-imxi-lajci-agostinjani","status":"publish","type":"post","link":"https:\/\/agostinjani.org\/mt\/ahbarijiet\/qum-aqbad-friexek-u-imxi-lajci-agostinjani\/","title":{"rendered":"Qum aqbad friexek u imxi \u2013 Laj\u010bi Agostinjani"},"content":{"rendered":"<p>Nhar it-Tnejn, 2 ta&#8217; Marzu, il-Kummissjoni Provin\u010bjali tal-Laj\u010bi Agostinjani organizzat \u010aelebrazzjoni Penitenzjali tar-Randan g\u0127al-laj\u010bi. Din i\u010b-\u010belebrazzjoni saret fil-Kappella ta&#8217; l-Iskola Santa Monika, B&#8217;Kara, L-ewwel \u010b\u010belebrajna il-quddiesa, u wara bdejna il-Penitenzjal li kien immexxi mis-Sur Godfrey Scicluna, membru fil-Kummissjoni. Il-Penitenzjal kien jinkludi riflessjoni minn Sr. Vania Bonello, Agostinjana, fuq it-tema: &#8220;Qum, aqbad friexek u imxi&#8221;.<\/p>\n<p>Kien hemm ukoll diversi Patrijiet Agostinjani g\u0127all-qrar. Waqt il-qrar saru diversi riflessjonijiet adattati g\u0127al minn \u017bmien ir-Randan minn diversi Qaddisin u Beati Agostinjani. I\u010b-\u010belebrazzjoni g\u0127alqet bil-Barka Sagramentali.<\/p>\n<p>\u00a0<\/p>\n<table>\n<tbody>\n<tr>\n<td><img data-recalc-dims=\"1\" fetchpriority=\"high\" decoding=\"async\" class=\" size-full wp-image-1641\" src=\"https:\/\/i0.wp.com\/agostinjani.org\/wp-content\/uploads\/2020\/03\/IMG-20200304-WA0007.jpg?resize=1599%2C899&#038;ssl=1\" alt=\"\" width=\"1599\" height=\"899\" srcset=\"https:\/\/i0.wp.com\/agostinjani.org\/wp-content\/uploads\/2020\/03\/IMG-20200304-WA0007.jpg?w=1599&amp;ssl=1 1599w, https:\/\/i0.wp.com\/agostinjani.org\/wp-content\/uploads\/2020\/03\/IMG-20200304-WA0007.jpg?resize=900%2C506&amp;ssl=1 900w, https:\/\/i0.wp.com\/agostinjani.org\/wp-content\/uploads\/2020\/03\/IMG-20200304-WA0007.jpg?resize=1200%2C675&amp;ssl=1 1200w, https:\/\/i0.wp.com\/agostinjani.org\/wp-content\/uploads\/2020\/03\/IMG-20200304-WA0007.jpg?resize=768%2C432&amp;ssl=1 768w, https:\/\/i0.wp.com\/agostinjani.org\/wp-content\/uploads\/2020\/03\/IMG-20200304-WA0007.jpg?resize=1536%2C864&amp;ssl=1 1536w, https:\/\/i0.wp.com\/agostinjani.org\/wp-content\/uploads\/2020\/03\/IMG-20200304-WA0007.jpg?resize=300%2C169&amp;ssl=1 300w, https:\/\/i0.wp.com\/agostinjani.org\/wp-content\/uploads\/2020\/03\/IMG-20200304-WA0007.jpg?resize=1024%2C576&amp;ssl=1 1024w\" sizes=\"(max-width: 1000px) 100vw, 1000px\" \/><\/td>\n<td><img data-recalc-dims=\"1\" decoding=\"async\" class=\" size-full wp-image-1643\" src=\"https:\/\/i0.wp.com\/agostinjani.org\/wp-content\/uploads\/2020\/03\/IMG-20200304-WA0009.jpg?resize=1599%2C899&#038;ssl=1\" alt=\"\" width=\"1599\" height=\"899\" srcset=\"https:\/\/i0.wp.com\/agostinjani.org\/wp-content\/uploads\/2020\/03\/IMG-20200304-WA0009.jpg?w=1599&amp;ssl=1 1599w, https:\/\/i0.wp.com\/agostinjani.org\/wp-content\/uploads\/2020\/03\/IMG-20200304-WA0009.jpg?resize=900%2C506&amp;ssl=1 900w, https:\/\/i0.wp.com\/agostinjani.org\/wp-content\/uploads\/2020\/03\/IMG-20200304-WA0009.jpg?resize=1200%2C675&amp;ssl=1 1200w, https:\/\/i0.wp.com\/agostinjani.org\/wp-content\/uploads\/2020\/03\/IMG-20200304-WA0009.jpg?resize=768%2C432&amp;ssl=1 768w, https:\/\/i0.wp.com\/agostinjani.org\/wp-content\/uploads\/2020\/03\/IMG-20200304-WA0009.jpg?resize=1536%2C864&amp;ssl=1 1536w, https:\/\/i0.wp.com\/agostinjani.org\/wp-content\/uploads\/2020\/03\/IMG-20200304-WA0009.jpg?resize=300%2C169&amp;ssl=1 300w, https:\/\/i0.wp.com\/agostinjani.org\/wp-content\/uploads\/2020\/03\/IMG-20200304-WA0009.jpg?resize=1024%2C576&amp;ssl=1 1024w\" sizes=\"(max-width: 1000px) 100vw, 1000px\" \/><\/td>\n<\/tr>\n<\/tbody>\n<\/table>\n","protected":false},"excerpt":{"rendered":"<p>Nhar it-Tnejn, 2 ta&#8217; Marzu, il-Kummissjoni Provin\u010bjali tal-Laj\u010bi Agostinjani organizzat \u010aelebrazzjoni Penitenzjali tar-Randan g\u0127al-laj\u010bi. Din i\u010b-\u010belebrazzjoni saret fil-Kappella ta&#8217; l-Iskola Santa Monika, B&#8217;Kara, L-ewwel \u010b\u010belebrajna il-quddiesa, u wara bdejna il-Penitenzjal li kien immexxi mis-Sur Godfrey Scicluna, membru fil-Kummissjoni. Il-Penitenzjal kien jinkludi riflessjoni minn Sr. Vania Bonello, Agostinjana, fuq it-tema: &#8220;Qum, aqbad friexek u imxi&#8221;. Kien hemm ukoll diversi Patrijiet Agostinjani g\u0127all-qrar. Waqt il-qrar saru diversi riflessjonijiet adattati g\u0127al minn \u017bmien [&hellip;]<\/p>\n","protected":false},"author":5,"featured_media":1639,"comment_status":"closed","ping_status":"","sticky":false,"template":"","format":"standard","meta":{"_uag_custom_page_level_css":"","site-sidebar-layout":"default","site-content-layout":"","ast-site-content-layout":"default","site-content-style":"default","site-sidebar-style":"default","ast-global-header-display":"","ast-banner-title-visibility":"","ast-main-header-display":"","ast-hfb-above-header-display":"","ast-hfb-below-header-display":"","ast-hfb-mobile-header-display":"","site-post-title":"","ast-breadcrumbs-content":"","ast-featured-img":"","footer-sml-layout":"","ast-disable-related-posts":"","theme-transparent-header-meta":"","adv-header-id-meta":"","stick-header-meta":"","header-above-stick-meta":"","header-main-stick-meta":"","header-below-stick-meta":"","astra-migrate-meta-layouts":"default","ast-page-background-enabled":"default","ast-page-background-meta":{"desktop":{"background-color":"var(--ast-global-color-4)","background-image":"","background-repeat":"repeat","background-position":"center center","background-size":"auto","background-attachment":"scroll","background-type":"","background-media":"","overlay-type":"","overlay-color":"","overlay-opacity":"","overlay-gradient":""},"tablet":{"background-color":"","background-image":"","background-repeat":"repeat","background-position":"center center","background-size":"auto","background-attachment":"scroll","background-type":"","background-media":"","overlay-type":"","overlay-color":"","overlay-opacity":"","overlay-gradient":""},"mobile":{"background-color":"","background-image":"","background-repeat":"repeat","background-position":"center center","background-size":"auto","background-attachment":"scroll","background-type":"","background-media":"","overlay-type":"","overlay-color":"","overlay-opacity":"","overlay-gradient":""}},"ast-content-background-meta":{"desktop":{"background-color":"var(--ast-global-color-5)","background-image":"","background-repeat":"repeat","background-position":"center center","background-size":"auto","background-attachment":"scroll","background-type":"","background-media":"","overlay-type":"","overlay-color":"","overlay-opacity":"","overlay-gradient":""},"tablet":{"background-color":"var(--ast-global-color-5)","background-image":"","background-repeat":"repeat","background-position":"center center","background-size":"auto","background-attachment":"scroll","background-type":"","background-media":"","overlay-type":"","overlay-color":"","overlay-opacity":"","overlay-gradient":""},"mobile":{"background-color":"var(--ast-global-color-5)","background-image":"","background-repeat":"repeat","background-position":"center center","background-size":"auto","background-attachment":"scroll","background-type":"","background-media":"","overlay-type":"","overlay-color":"","overlay-opacity":"","overlay-gradient":""}},"footnotes":""},"categories":[83,165],"tags":[],"class_list":["post-437","post","type-post","status-publish","format-standard","has-post-thumbnail","hentry","category-ahbarijiet","category-lajci"],"uagb_featured_image_src":{"full":["https:\/\/i0.wp.com\/agostinjani.org\/wp-content\/uploads\/2020\/03\/IMG-20200304-WA0006.jpg?fit=1599%2C899&ssl=1",1599,899,false],"thumbnail":["https:\/\/i0.wp.com\/agostinjani.org\/wp-content\/uploads\/2020\/03\/IMG-20200304-WA0006.jpg?resize=350%2C350&ssl=1",350,350,true],"medium":["https:\/\/i0.wp.com\/agostinjani.org\/wp-content\/uploads\/2020\/03\/IMG-20200304-WA0006.jpg?fit=900%2C506&ssl=1",900,506,true],"medium_large":["https:\/\/i0.wp.com\/agostinjani.org\/wp-content\/uploads\/2020\/03\/IMG-20200304-WA0006.jpg?fit=768%2C432&ssl=1",768,432,true],"large":["https:\/\/i0.wp.com\/agostinjani.org\/wp-content\/uploads\/2020\/03\/IMG-20200304-WA0006.jpg?fit=1200%2C675&ssl=1",1200,675,true],"1536x1536":["https:\/\/i0.wp.com\/agostinjani.org\/wp-content\/uploads\/2020\/03\/IMG-20200304-WA0006.jpg?fit=1536%2C864&ssl=1",1536,864,true],"2048x2048":["https:\/\/i0.wp.com\/agostinjani.org\/wp-content\/uploads\/2020\/03\/IMG-20200304-WA0006.jpg?fit=1599%2C899&ssl=1",1599,899,true],"gform-image-choice-sm":["https:\/\/i0.wp.com\/agostinjani.org\/wp-content\/uploads\/2020\/03\/IMG-20200304-WA0006.jpg?resize=300%2C300&ssl=1",300,300,true],"gform-image-choice-md":["https:\/\/i0.wp.com\/agostinjani.org\/wp-content\/uploads\/2020\/03\/IMG-20200304-WA0006.jpg?resize=400%2C400&ssl=1",400,400,true],"gform-image-choice-lg":["https:\/\/i0.wp.com\/agostinjani.org\/wp-content\/uploads\/2020\/03\/IMG-20200304-WA0006.jpg?resize=600%2C600&ssl=1",600,600,true]},"uagb_author_info":{"display_name":"Support","author_link":"https:\/\/agostinjani.org\/mt\/author\/support_dmax\/"},"uagb_comment_info":0,"uagb_excerpt":"Nhar it-Tnejn, 2 ta&#8217; Marzu, il-Kummissjoni Provin\u010bjali tal-Laj\u010bi Agostinjani organizzat \u010aelebrazzjoni Penitenzjali tar-Randan g\u0127al-laj\u010bi. Din i\u010b-\u010belebrazzjoni saret fil-Kappella ta&#8217; l-Iskola Santa Monika, B&#8217;Kara, L-ewwel \u010b\u010belebrajna il-quddiesa, u wara bdejna il-Penitenzjal li kien immexxi mis-Sur Godfrey Scicluna, membru fil-Kummissjoni. Il-Penitenzjal kien jinkludi riflessjoni minn Sr. Vania Bonello, Agostinjana, fuq it-tema: &#8220;Qum, aqbad friexek u imxi&#8221;. Kien&hellip;","_links":{"self":[{"href":"https:\/\/agostinjani.org\/mt\/wp-json\/wp\/v2\/posts\/437","targetHints":{"allow":["GET"]}}],"collection":[{"href":"https:\/\/agostinjani.org\/mt\/wp-json\/wp\/v2\/posts"}],"about":[{"href":"https:\/\/agostinjani.org\/mt\/wp-json\/wp\/v2\/types\/post"}],"author":[{"embeddable":true,"href":"https:\/\/agostinjani.org\/mt\/wp-json\/wp\/v2\/users\/5"}],"replies":[{"embeddable":true,"href":"https:\/\/agostinjani.org\/mt\/wp-json\/wp\/v2\/comments?post=437"}],"version-history":[{"count":1,"href":"https:\/\/agostinjani.org\/mt\/wp-json\/wp\/v2\/posts\/437\/revisions"}],"predecessor-version":[{"id":4214,"href":"https:\/\/agostinjani.org\/mt\/wp-json\/wp\/v2\/posts\/437\/revisions\/4214"}],"wp:featuredmedia":[{"embeddable":true,"href":"https:\/\/agostinjani.org\/mt\/wp-json\/wp\/v2\/media\/1639"}],"wp:attachment":[{"href":"https:\/\/agostinjani.org\/mt\/wp-json\/wp\/v2\/media?parent=437"}],"wp:term":[{"taxonomy":"category","embeddable":true,"href":"https:\/\/agostinjani.org\/mt\/wp-json\/wp\/v2\/categories?post=437"},{"taxonomy":"post_tag","embeddable":true,"href":"https:\/\/agostinjani.org\/mt\/wp-json\/wp\/v2\/tags?post=437"}],"curies":[{"name":"wp","href":"https:\/\/api.w.org\/{rel}","templated":true}]}}