{"id":3634,"date":"2018-01-01T20:36:43","date_gmt":"2018-01-01T18:36:43","guid":{"rendered":"https:\/\/augustinianheartblog.wordpress.com\/?p=1570"},"modified":"2024-03-05T15:54:12","modified_gmt":"2024-03-05T14:54:12","slug":"regghu-lura-isebbhu-u-jfahhru-lil-alla","status":"publish","type":"post","link":"https:\/\/agostinjani.org\/mt\/augustinian-heart-blog\/gospel\/regghu-lura-isebbhu-u-jfahhru-lil-alla\/","title":{"rendered":"re\u0121g\u0127u lura, isebb\u0127u u jfa\u0127\u0127ru lil Alla"},"content":{"rendered":"<p style=\"text-align: justify;\"><img data-recalc-dims=\"1\" fetchpriority=\"high\" decoding=\"async\" class=\"alignnone size-full wp-image-1571\" src=\"https:\/\/i0.wp.com\/agostinjani.org\/wp-content\/uploads\/2018\/01\/landscape-1495031594-two-women-running-along-road.jpg?resize=980%2C490&#038;ssl=1\" alt=\"landscape-1495031594-two-women-running-along-road.jpg\" width=\"980\" height=\"490\" \/><\/p>\n<p style=\"text-align: justify;\">Fl-ewwel jum tas-sena il-knisja ti\u010b\u010belebra l-festa ta\u2019 Marija Omm Alla, privile\u0121\u0121 uniku ta\u2019 Marija. Fit-tieni qari, San Pawl jg\u0127idilna li permezz tat-twelid, l-mewt u l-qawmien ta\u2019 \u0120esu\u2019, a\u0127na issa m\u2019g\u0127adniex aktar ilsiera i\u017cda ulied. Quddiem dan, wie\u0127ed jirrifletti kemm il-bniedem huwa prezzju\u017c quddiem Alla, tant li g\u0127ollie\u0127 g\u0127all-istat ta\u2019 iben. Alla ma \u0121iex fid-dinja biex jo\u0127dilna xi \u0127aga, i\u017cda biex jag\u0127tina. Alla m\u2019g\u0127andu b\u017conn xejn minn g\u0127andna, huwa l-bniedem li ma jistrie\u0127x jekk ma jsibx lil Alla. Din hi r-ra\u0121uni li g\u0127aliha Alla sar wie\u0127ed minna, biex igibilna il-\u0127ajja ta&#8217; dejjem u b&#8217;hekk il-bniedem isib il-milja tieg\u0127u. G\u0127alhekk a\u0127na b\u0127ar-rg\u0127ajja, mistednin biex niltaqg\u0127u ma\u2019 \u0120esu\u2019, biex nag\u0127mlu l-esperjenza tieg\u0127U fil-\u0127ajja tag\u0127na.<\/p>\n<p style=\"text-align: justify;\">Ir-rg\u0127ajja kienu wa\u0127da mil-iktar sezzjoni ta\u2019 nies imwarrba ta\u2019 dak i\u017c-\u017cmien, i\u017cda minkejja dan Alla jistedinhom biex jag\u0127mlu l-esperjenza tieg\u0127U. Ejjew a\u0127na ukoll, b\u0127ar-rg\u0127ajja, ma niddejqux nilqg\u0127u l-istedina li qed jag\u0127mlilna Alla Missierna. Ma n\u0127allux id-dg\u0127jufija tag\u0127na, l-i\u017cbalji tal-pre\u017cent u tal-passat ifixkluna jew jaqtg\u0127ulna qalbna biex niltaqg\u0127u ma\u2019 \u0120esu\u2019.\u00a0 L-importanti g\u0127al Alla huwa li illum nkunu lesti li nag\u0127\u017clu\u0127 fuq kollox u fuq kulhadd. Ir-ri\u017cultat tal-laqg\u0127a tar-rg\u0127ajja mal-Mulej kien il-fer\u0127, tant li l-Evan\u0121elista jg\u0127idilna li \u2018re\u0121g\u0127u lura, isebb\u0127u u jfa\u0127\u0127ru lil Alla\u2019. Fil-Van\u0121elu tidher \u010bara li kull min \u0127alla lil Alla jid\u0127ol fil-\u0127ajja tieg\u0127u, ir-ri\u017cultat kien dejjem kien fer\u0127an minkejja li jkun hemm it-tbatijiet,. Huwa dan li Alla g\u0127andu x\u2019joffrilna. Il-fer\u0127!!!<\/p>\n<p><em><strong>Andrea Naudi<\/strong><\/em><\/p>\n","protected":false},"excerpt":{"rendered":"<p>Fl-ewwel jum tas-sena il-knisja ti\u010b\u010belebra l-festa ta\u2019 Marija Omm Alla, privile\u0121\u0121 uniku ta\u2019 Marija. Fit-tieni qari, San Pawl jg\u0127idilna li permezz tat-twelid, l-mewt u l-qawmien ta\u2019 \u0120esu\u2019, a\u0127na issa m\u2019g\u0127adniex aktar ilsiera i\u017cda ulied. Quddiem dan, wie\u0127ed jirrifletti kemm il-bniedem huwa prezzju\u017c quddiem Alla, tant li g\u0127ollie\u0127 g\u0127all-istat ta\u2019 iben. Alla ma \u0121iex fid-dinja biex jo\u0127dilna xi \u0127aga, i\u017cda biex jag\u0127tina. Alla m\u2019g\u0127andu b\u017conn xejn minn g\u0127andna, huwa l-bniedem li [&hellip;]<\/p>\n","protected":false},"author":7,"featured_media":0,"comment_status":"open","ping_status":"open","sticky":false,"template":"","format":"standard","meta":{"_uag_custom_page_level_css":"","site-sidebar-layout":"default","site-content-layout":"","ast-site-content-layout":"default","site-content-style":"default","site-sidebar-style":"default","ast-global-header-display":"","ast-banner-title-visibility":"","ast-main-header-display":"","ast-hfb-above-header-display":"","ast-hfb-below-header-display":"","ast-hfb-mobile-header-display":"","site-post-title":"","ast-breadcrumbs-content":"","ast-featured-img":"","footer-sml-layout":"","ast-disable-related-posts":"","theme-transparent-header-meta":"","adv-header-id-meta":"","stick-header-meta":"","header-above-stick-meta":"","header-main-stick-meta":"","header-below-stick-meta":"","astra-migrate-meta-layouts":"default","ast-page-background-enabled":"default","ast-page-background-meta":{"desktop":{"background-color":"var(--ast-global-color-4)","background-image":"","background-repeat":"repeat","background-position":"center center","background-size":"auto","background-attachment":"scroll","background-type":"","background-media":"","overlay-type":"","overlay-color":"","overlay-opacity":"","overlay-gradient":""},"tablet":{"background-color":"","background-image":"","background-repeat":"repeat","background-position":"center center","background-size":"auto","background-attachment":"scroll","background-type":"","background-media":"","overlay-type":"","overlay-color":"","overlay-opacity":"","overlay-gradient":""},"mobile":{"background-color":"","background-image":"","background-repeat":"repeat","background-position":"center center","background-size":"auto","background-attachment":"scroll","background-type":"","background-media":"","overlay-type":"","overlay-color":"","overlay-opacity":"","overlay-gradient":""}},"ast-content-background-meta":{"desktop":{"background-color":"var(--ast-global-color-5)","background-image":"","background-repeat":"repeat","background-position":"center center","background-size":"auto","background-attachment":"scroll","background-type":"","background-media":"","overlay-type":"","overlay-color":"","overlay-opacity":"","overlay-gradient":""},"tablet":{"background-color":"var(--ast-global-color-5)","background-image":"","background-repeat":"repeat","background-position":"center center","background-size":"auto","background-attachment":"scroll","background-type":"","background-media":"","overlay-type":"","overlay-color":"","overlay-opacity":"","overlay-gradient":""},"mobile":{"background-color":"var(--ast-global-color-5)","background-image":"","background-repeat":"repeat","background-position":"center center","background-size":"auto","background-attachment":"scroll","background-type":"","background-media":"","overlay-type":"","overlay-color":"","overlay-opacity":"","overlay-gradient":""}},"footnotes":""},"categories":[146,188],"tags":[],"class_list":["post-3634","post","type-post","status-publish","format-standard","hentry","category-gospel","category-words-of-wisdom"],"uagb_featured_image_src":{"full":false,"thumbnail":false,"medium":false,"medium_large":false,"large":false,"1536x1536":false,"2048x2048":false,"gform-image-choice-sm":false,"gform-image-choice-md":false,"gform-image-choice-lg":false},"uagb_author_info":{"display_name":"Provin\u010bja Agostinjana","author_link":"https:\/\/agostinjani.org\/mt\/author\/agostinjani\/"},"uagb_comment_info":0,"uagb_excerpt":"Fl-ewwel jum tas-sena il-knisja ti\u010b\u010belebra l-festa ta\u2019 Marija Omm Alla, privile\u0121\u0121 uniku ta\u2019 Marija. Fit-tieni qari, San Pawl jg\u0127idilna li permezz tat-twelid, l-mewt u l-qawmien ta\u2019 \u0120esu\u2019, a\u0127na issa m\u2019g\u0127adniex aktar ilsiera i\u017cda ulied. Quddiem dan, wie\u0127ed jirrifletti kemm il-bniedem huwa prezzju\u017c quddiem Alla, tant li g\u0127ollie\u0127 g\u0127all-istat ta\u2019 iben. Alla ma \u0121iex fid-dinja biex&hellip;","_links":{"self":[{"href":"https:\/\/agostinjani.org\/mt\/wp-json\/wp\/v2\/posts\/3634","targetHints":{"allow":["GET"]}}],"collection":[{"href":"https:\/\/agostinjani.org\/mt\/wp-json\/wp\/v2\/posts"}],"about":[{"href":"https:\/\/agostinjani.org\/mt\/wp-json\/wp\/v2\/types\/post"}],"author":[{"embeddable":true,"href":"https:\/\/agostinjani.org\/mt\/wp-json\/wp\/v2\/users\/7"}],"replies":[{"embeddable":true,"href":"https:\/\/agostinjani.org\/mt\/wp-json\/wp\/v2\/comments?post=3634"}],"version-history":[{"count":2,"href":"https:\/\/agostinjani.org\/mt\/wp-json\/wp\/v2\/posts\/3634\/revisions"}],"predecessor-version":[{"id":5232,"href":"https:\/\/agostinjani.org\/mt\/wp-json\/wp\/v2\/posts\/3634\/revisions\/5232"}],"wp:attachment":[{"href":"https:\/\/agostinjani.org\/mt\/wp-json\/wp\/v2\/media?parent=3634"}],"wp:term":[{"taxonomy":"category","embeddable":true,"href":"https:\/\/agostinjani.org\/mt\/wp-json\/wp\/v2\/categories?post=3634"},{"taxonomy":"post_tag","embeddable":true,"href":"https:\/\/agostinjani.org\/mt\/wp-json\/wp\/v2\/tags?post=3634"}],"curies":[{"name":"wp","href":"https:\/\/api.w.org\/{rel}","templated":true}]}}