{"id":3628,"date":"2017-12-02T16:26:40","date_gmt":"2017-12-02T14:26:40","guid":{"rendered":"https:\/\/augustinianheartblog.wordpress.com\/?p=1552"},"modified":"2024-03-05T15:57:31","modified_gmt":"2024-03-05T14:57:31","slug":"rieqed","status":"publish","type":"post","link":"https:\/\/agostinjani.org\/mt\/augustinian-heart-blog\/gospel\/rieqed\/","title":{"rendered":"Rieqed?"},"content":{"rendered":"<p style=\"text-align:justify;\"><img data-recalc-dims=\"1\" fetchpriority=\"high\" decoding=\"async\" class=\"alignnone size-full wp-image-1553\" src=\"https:\/\/i0.wp.com\/agostinjani.org\/wp-content\/uploads\/2017\/12\/advent1-2017.png?resize=400%2C400&#038;ssl=1\" alt=\"Advent+1-2017.png\" width=\"400\" height=\"400\" \/><\/p>\n<p style=\"text-align:justify;\">Nhar il-\u0126add li \u0121ej il-Knisja tag\u0127ti bidu g\u0127a\u017c-\u017cmien tal-Avvent, \u017cmien fejn a\u0127na l-insara ni\u010b\u010belebraw it-twelid ta\u2019 Sidna \u0120esu Kristu i\u017cda ukoll a\u0127na m\u0127e\u0121\u0121in biex f\u2019dan i\u017c-\u017cmien na\u0127sbu fuq u n\u0127ejju lilna nfusna g\u0127at-tieni mi\u0121ja ta\u2019 \u0120esu\u2019 dik fl-a\u0127\u0127ar tad-dinja.<\/p>\n<p style=\"text-align:justify;\">F\u2019dan l-ewwel \u0126add tal-Avvent, il-knisja tippre\u017centalna silta fejn \u0120esu\u2019 qieg\u0127ed i\u0127ejjijna propju g\u0127al dan i\u017c-\u017cmien. A\u0127na b\u0127all-qaddejja fis-silta, ilkoll g\u0127andna r-responsabiltajiet tag\u0127na, kull wie\u0127ed skond l-istat tal-\u0127ajja tieg\u0127u.<\/p>\n<p style=\"text-align:justify;\">Tajjeb li nag\u0127mlu \u0127ilitna kollha biex naqduhom bl-ikbar im\u0127abba u mill-a\u0127jar li nistg\u0127u biex meta jasal Sid d-Dar isibna nishru u b\u2019hekk niksbu il-premju ta\u2019 dejjem. Tkun \u0127asra g\u0127alina li jigi Sid id-Dar u jsibna reqdin g\u0127ax dan ifisser li nkunu tlifna \u010b-\u010bans li niktbu storja sabi\u0127a bil-\u0127ajja tag\u0127na. Madakollu jista ji\u0121ri li xi drabi, min\u0127abba diffikultajiet li a\u0127na niltaqg\u0127u mag\u0127hom, naqtg\u0127u qalbna u naqbdu lilna nfusa reqdin u g\u0127alhekk ma nkunux qed nag\u0127mlu dak li hu mitlub minna.<\/p>\n<p style=\"text-align:justify;\">Nistg\u0127u inkunu rieqda u allura indifferenti, f\u2019\u0127afna sitwazzjonijiet fil-\u0127ajja tag\u0127na. Reqdin g\u0127al nies li huma mwarrbin u jinsabu we\u0127idhom anke membri tal-familja tieg\u0127a, reqdin g\u0127al min jixtieq jifta\u0127 qalbu maghna imma ahna qatt m\u2019g\u0127andna \u010bans, reqdin g\u0127al min hu nieqes mill-b\u017connijiet basi\u010bi ta\u2019 kuljum, reqdin g\u0127al min qed ibati min xi in\u0121ustizzja, reqdin g\u0127all-vuci t\u2019Alla f\u2019hajjitna u hafna sitwazzjonijiet o\u0127ra.<\/p>\n<p style=\"text-align:justify;\">Minkejja kollox m\u2019g\u0127andniex in\u0127allu d-diffikultajiet jaqtg\u0127ulna qalbna jew iwqaffuna, i\u017cda g\u0127andna dejjem nittamaw fl-g\u0127ajnuna Alla, Hu li qatt ma j\u0127allina wa\u0127edna. G\u0127alhekk nag\u0127mlu kura\u0121\u0121 u nimpenjaw ru\u0127na fl-im\u0127abba tag\u0127na lejn Alla u lejn il-proxxmu u b\u2019hekk meta ji\u0121i Sid id-Dar isibna nishru.<\/p>\n<p><em>Andrea Naudi<\/em><\/p>\n","protected":false},"excerpt":{"rendered":"<p>Nhar il-\u0126add li \u0121ej il-Knisja tag\u0127ti bidu g\u0127a\u017c-\u017cmien tal-Avvent, \u017cmien fejn a\u0127na l-insara ni\u010b\u010belebraw it-twelid ta\u2019 Sidna \u0120esu Kristu i\u017cda ukoll a\u0127na m\u0127e\u0121\u0121in biex f\u2019dan i\u017c-\u017cmien na\u0127sbu fuq u n\u0127ejju lilna nfusna g\u0127at-tieni mi\u0121ja ta\u2019 \u0120esu\u2019 dik fl-a\u0127\u0127ar tad-dinja. F\u2019dan l-ewwel \u0126add tal-Avvent, il-knisja tippre\u017centalna silta fejn \u0120esu\u2019 qieg\u0127ed i\u0127ejjijna propju g\u0127al dan i\u017c-\u017cmien. A\u0127na b\u0127all-qaddejja fis-silta, ilkoll g\u0127andna r-responsabiltajiet tag\u0127na, kull wie\u0127ed skond l-istat tal-\u0127ajja tieg\u0127u. Tajjeb li nag\u0127mlu [&hellip;]<\/p>\n","protected":false},"author":7,"featured_media":0,"comment_status":"open","ping_status":"open","sticky":false,"template":"","format":"standard","meta":{"_uag_custom_page_level_css":"","site-sidebar-layout":"default","site-content-layout":"","ast-site-content-layout":"default","site-content-style":"default","site-sidebar-style":"default","ast-global-header-display":"","ast-banner-title-visibility":"","ast-main-header-display":"","ast-hfb-above-header-display":"","ast-hfb-below-header-display":"","ast-hfb-mobile-header-display":"","site-post-title":"","ast-breadcrumbs-content":"","ast-featured-img":"","footer-sml-layout":"","ast-disable-related-posts":"","theme-transparent-header-meta":"","adv-header-id-meta":"","stick-header-meta":"","header-above-stick-meta":"","header-main-stick-meta":"","header-below-stick-meta":"","astra-migrate-meta-layouts":"default","ast-page-background-enabled":"default","ast-page-background-meta":{"desktop":{"background-color":"var(--ast-global-color-4)","background-image":"","background-repeat":"repeat","background-position":"center center","background-size":"auto","background-attachment":"scroll","background-type":"","background-media":"","overlay-type":"","overlay-color":"","overlay-opacity":"","overlay-gradient":""},"tablet":{"background-color":"","background-image":"","background-repeat":"repeat","background-position":"center center","background-size":"auto","background-attachment":"scroll","background-type":"","background-media":"","overlay-type":"","overlay-color":"","overlay-opacity":"","overlay-gradient":""},"mobile":{"background-color":"","background-image":"","background-repeat":"repeat","background-position":"center center","background-size":"auto","background-attachment":"scroll","background-type":"","background-media":"","overlay-type":"","overlay-color":"","overlay-opacity":"","overlay-gradient":""}},"ast-content-background-meta":{"desktop":{"background-color":"var(--ast-global-color-5)","background-image":"","background-repeat":"repeat","background-position":"center center","background-size":"auto","background-attachment":"scroll","background-type":"","background-media":"","overlay-type":"","overlay-color":"","overlay-opacity":"","overlay-gradient":""},"tablet":{"background-color":"var(--ast-global-color-5)","background-image":"","background-repeat":"repeat","background-position":"center center","background-size":"auto","background-attachment":"scroll","background-type":"","background-media":"","overlay-type":"","overlay-color":"","overlay-opacity":"","overlay-gradient":""},"mobile":{"background-color":"var(--ast-global-color-5)","background-image":"","background-repeat":"repeat","background-position":"center center","background-size":"auto","background-attachment":"scroll","background-type":"","background-media":"","overlay-type":"","overlay-color":"","overlay-opacity":"","overlay-gradient":""}},"footnotes":""},"categories":[146,188],"tags":[],"class_list":["post-3628","post","type-post","status-publish","format-standard","hentry","category-gospel","category-words-of-wisdom"],"uagb_featured_image_src":{"full":false,"thumbnail":false,"medium":false,"medium_large":false,"large":false,"1536x1536":false,"2048x2048":false,"gform-image-choice-sm":false,"gform-image-choice-md":false,"gform-image-choice-lg":false},"uagb_author_info":{"display_name":"Provin\u010bja Agostinjana","author_link":"https:\/\/agostinjani.org\/mt\/author\/agostinjani\/"},"uagb_comment_info":0,"uagb_excerpt":"Nhar il-\u0126add li \u0121ej il-Knisja tag\u0127ti bidu g\u0127a\u017c-\u017cmien tal-Avvent, \u017cmien fejn a\u0127na l-insara ni\u010b\u010belebraw it-twelid ta\u2019 Sidna \u0120esu Kristu i\u017cda ukoll a\u0127na m\u0127e\u0121\u0121in biex f\u2019dan i\u017c-\u017cmien na\u0127sbu fuq u n\u0127ejju lilna nfusna g\u0127at-tieni mi\u0121ja ta\u2019 \u0120esu\u2019 dik fl-a\u0127\u0127ar tad-dinja. F\u2019dan l-ewwel \u0126add tal-Avvent, il-knisja tippre\u017centalna silta fejn \u0120esu\u2019 qieg\u0127ed i\u0127ejjijna propju g\u0127al dan i\u017c-\u017cmien. A\u0127na&hellip;","_links":{"self":[{"href":"https:\/\/agostinjani.org\/mt\/wp-json\/wp\/v2\/posts\/3628","targetHints":{"allow":["GET"]}}],"collection":[{"href":"https:\/\/agostinjani.org\/mt\/wp-json\/wp\/v2\/posts"}],"about":[{"href":"https:\/\/agostinjani.org\/mt\/wp-json\/wp\/v2\/types\/post"}],"author":[{"embeddable":true,"href":"https:\/\/agostinjani.org\/mt\/wp-json\/wp\/v2\/users\/7"}],"replies":[{"embeddable":true,"href":"https:\/\/agostinjani.org\/mt\/wp-json\/wp\/v2\/comments?post=3628"}],"version-history":[{"count":1,"href":"https:\/\/agostinjani.org\/mt\/wp-json\/wp\/v2\/posts\/3628\/revisions"}],"predecessor-version":[{"id":5250,"href":"https:\/\/agostinjani.org\/mt\/wp-json\/wp\/v2\/posts\/3628\/revisions\/5250"}],"wp:attachment":[{"href":"https:\/\/agostinjani.org\/mt\/wp-json\/wp\/v2\/media?parent=3628"}],"wp:term":[{"taxonomy":"category","embeddable":true,"href":"https:\/\/agostinjani.org\/mt\/wp-json\/wp\/v2\/categories?post=3628"},{"taxonomy":"post_tag","embeddable":true,"href":"https:\/\/agostinjani.org\/mt\/wp-json\/wp\/v2\/tags?post=3628"}],"curies":[{"name":"wp","href":"https:\/\/api.w.org\/{rel}","templated":true}]}}