{"id":317,"date":"2017-09-16T13:29:39","date_gmt":"2017-09-16T13:29:39","guid":{"rendered":"https:\/\/dev.agostinjani.org\/ahbarijiet\/omelija-tal-arcisqof-charles-j-scicluna-fil-pontifikal-tal-bicentinarju-tal-provincja-agostinjana\/"},"modified":"2017-09-16T13:29:39","modified_gmt":"2017-09-16T13:29:39","slug":"omelija-tal-arcisqof-charles-j-scicluna-fil-pontifikal-tal-bicentinarju-tal-provincja-agostinjana","status":"publish","type":"post","link":"https:\/\/agostinjani.org\/mt\/ahbarijiet\/omelija-tal-arcisqof-charles-j-scicluna-fil-pontifikal-tal-bicentinarju-tal-provincja-agostinjana\/","title":{"rendered":"Omelija tal-Ar\u010bisqof Charles J. Scicluna fil-Pontifikal tal-Bi\u010bentinarju tal-Provin\u010bja Agostinjana"},"content":{"rendered":"<p><strong>L-Omelija tal-Ar\u010bisqof Charles J. Scicluna<\/strong>\u00a0\u00a0\u00a0\u00a0\u00a0\u00a0\u00a0\u00a0\u00a0\u00a0\u00a0\u00a0\u00a0\u00a0\u00a0\u00a0\u00a0\u00a0\u00a0\u00a0\u00a0\u00a0\u00a0\u00a0\u00a0\u00a0\u00a0<\/p>\n<p><em>Konkatidral ta\u2019 San \u0120wann, Valletta<\/em><\/p>\n<p><em>14 ta\u2019 Settembru 2017<\/em><\/p>\n<p>\u00a0<\/p>\n<p>\u00a0\u201cTinsewx l-g\u0127emejjel kbar ta\u2019 Alla\u201d (S 77, 7). Hekk kantajna fis-Salm Responsorjali li huwa parti mil-Litur\u0121ija tal-kelma f\u2019din il-festa g\u0127a\u017ci\u017ca tal-E\u017caltazzjoni tas-Salib Imqaddes, \u201ctinsewx l-g\u0127emejjel kbar ta\u2019 Alla\u201d.<\/p>\n<p>Il-Provin\u010bjal, Fr Ray Francalanza, lejn it-tmiem tal-introduzzjoni tieg\u0127u, tkellem dwar id-dilemma li kellu u li kellha l-Provin\u010bja Agostinjana dwar jekk g\u0127andhiex ti\u010b\u010belebra dan il-200 anniversarju mit-twaqqif tag\u0127ha. A\u0127na llum qeg\u0127din hawnhekk mi\u0121bura fuq l-istedina tal-Patrijiet Agostinjani li qeg\u0127din isegwu dan il-parir qaddis: \u201ctinsewx l-g\u0127emejjel kbar ta\u2019 Alla\u201d. G\u0127ax kull meta nin\u0121abru biex nikkommemoraw anniversarju ti\u0121ina t-tentazzjoni li ng\u0127idu a\u0127na se noqg\u0127odu nifta\u0127ru b\u2019rixna? Imma l-fatt hu li g\u0127andna d-dover nieqfu biex ng\u0127idu grazzi lill-Mulej ta\u2019 dak li g\u0127amel fina u permezz tag\u0127na. Il-kommemorazzjoni mhix e\u017cer\u010bizzju ta\u2019 nar\u010bi\u017ci\u017cmu \u2014 li n\u0127ares lejja nnifsi u nie\u0127u pja\u010bir bija nnifsi \u2014 imma e\u017cer\u010bizzju ta\u2019 umilt\u00e0 li jing\u0127aqad mal-g\u0127anja ta\u2019 Marija: \u201cIl-Mulej i\u0127ares lejn i\u010b-\u010bokon tal-qaddejja tieg\u0127u u g\u0127amel fiha \u0127wejje\u0121 kbar\u201d \u00a0(Lq 1, 48-49).\u00a0<\/p>\n<p>\u00a0\u00a0<\/p>\n<p>Nistg\u0127u ng\u0127idu li f\u2019dawn il-200 sena l-Provin\u010bja Agostinjana kienet ukoll pre\u017cenza b\u0127alma jkun hemm fl-g\u0127a\u0121na dik li inti tag\u0127milha tikber: il-<em>fermentum<\/em>, il-\u0127mira. <strong>Il-pre\u017cenza Agostinjana hija dik il-\u0127mira, dak il-<em>fermentum,<\/em> li fis-so\u010bjet\u00e0 Maltija tag\u0127mel \u0127afna frott ming\u0127ajr \u0127afna storbju.<\/strong> \u201cIl bene che non fa chiasso,\u201d kien i\u0127obb jirrepetiha anke San \u0120or\u0121 Preca din l-espressjoni. Il-qam\u0127a, li tikber fis-skiet u fis-silen\u017cju, kultant tikber mag\u0127ha s-sikrana wkoll. Il-Mulej i\u0127allihom jikbru imma fil-\u0121udi\u017c\u017cju tal-istorja huwa l-qam\u0127 li jin\u0121abar biex isir \u0127ob\u017c g\u0127all-bnedmin. \u00a0<\/p>\n<p>\u0120es\u00f9, hu u jitkellem ma\u2019 Nikodemu ju\u017ca x-xbieha tas-serp li Mos\u00e8 refa\u2019 fid-de\u017cert. Nikodemu huwa persona\u0121\u0121 li jfakkarna \u0127afna f\u2019Santu Wisitn. Huwa bniedem ta\u2019 g\u0127erf li kellu mistoqsijiet kbar, li resaq lejn \u0120es\u00f9 fid-dalma tal-lejl u sar dixxiplu fidil tieg\u0127u tant li nsibuh ukoll fil-\u0120img\u0127a l-Kbira jitlob ma\u2019 \u0120u\u017ceppi ta\u2019 Arimatija l-\u0121isem ta\u2019 \u0120es\u00f9. Hu li f\u2019dak il-kollokju kien sama\u2019 lil \u0120es\u00f9 jitkellem fuq il-misteru tal-e\u017caltazzjoni tieg\u0127u: \u201ckif Mos\u00e8 refa\u2019 s-serp fid-de\u017cert, hekk je\u0127tie\u0121 li jkun merfug\u0127 Bin il-bniedem\u201d (\u0120w 3, 14). Kellu jkun ukoll xhud dirett ta\u2019 din l-e\u017caltazzjoni. Kien sema\u2019 lil \u0120es\u00f9 jitkellem fuq il-qawmien mill-\u0121did u t-twelid mill-\u0121did ta\u2019 min jemmen fl-Iben il-wa\u0127dieni. \u201cAlla hekk \u0127abb lid-dinja li ta lill-Ibnu l-wa\u0127dieni, biex kull min jemmen fih ma jintilifx, i\u017cda jkollu l-\u0127ajja ta dejjem\u201d (v. 16).\u00a0\u00a0\u00a0<\/p>\n<p>U jekk is-serp fid-de\u017cert, serp tal-bron\u017c, \u0121ie merfug\u0127 \u2019il fuq minn Mos\u00e8 biex kull min i\u0127ares lejh ifieq mill-gidma qerrieda tas-serp tad-de\u017cert, kull min i\u0127ares lejn is-serp il-\u0121did merfug\u0127 fuq is-salib ikollu l-fejqan minn dnubieti, il-fejqan mill-velenu l-i\u017cjed qerrriedi, u jkollu l-\u0127ajja ta\u2019 dejjem. \u0120es\u00f9 jg\u0127id, \u201cma jintilifx i\u017cda jkollu l-\u0127ajja ta\u2019 dejjem\u201d.\u00a0 U din il-\u0127ajja ta\u2019 dejjem \u0120es\u00f9 jsej\u0127ilha wkoll salvazzjoni. Alla ma bag\u0127atx lil Ibnu fid-dinja biex jag\u0127mel \u0127aqq mid-dinja imma biex bih hija ssalva. \u00a0\u00a0\u00a0\u00a0<\/p>\n<p>Santu Wistin, b\u0127al Nikodemu, huwa dak li fittex fid-dlam imma ltaqa\u2019 ma\u2019 \u0120es\u00f9 bl-g\u0127ajnuna ta\u2019 San Ambro\u0121, bl-g\u0127ajnuna tal-Mag\u0127mudija u bil-pro\u010bess kbir ta\u2019 konver\u017cjoni. Hu ltaqa\u2019 mal-Mulej sa ma ta\u2019 \u0127ajtu totalment fis-sa\u010berdozju u fl-episkopat. Santu Wistin, b\u0127ala dixxiplu u b\u0127ala Isqof, kien ukoll xhud tal-e\u017caltazzjoni tal-Mulej fuq is-salib. \u00a0<\/p>\n<p>\u201cDak il-Mulej li ma qag\u0127adx ifittex tieg\u0127u li hu daqs Alla,\u201d jg\u0127id l-appostlu Missierna lill-Filippin, \u201cimma tne\u017c\u017ca\u2019 minn kollox billi \u0127a n-natura ta\u2019 lsir, sar jixbah lill-bnedmin, u deher minn barra b\u0127al bniedem,\u201d dak il-Mulej li \u201c\u010bekken lilu nnifsu, billi obda sal-mewt anzi sal-mewt tas-salib\u201d (Fil 2, 7-8). U llum a\u0127na u nin\u017clu g\u0127arkupptejna quddiem il <em>vero lignum<\/em>, quddiem is-salib imqaddes li qieg\u0127ed fuq l-altar ma\u0121\u0121ur, a\u0127na niftakru wkoll mhux biss fl-umiljazzjoni tal-Mulej, imma anke fl-e\u017caltazzjoni tieg\u0127u. \u201cAlla g\u0127ollieh sas-smewwiet u \u017cejnu bl-isem li hu fuq kull isem, biex fl-isem ta\u2019 \u0120es\u00f9 &#8211; fis-sema fl-art u f\u2019qieg\u0127 l-art &#8211; il-\u0127lejjaq kollha jin\u017clu g\u0127arrkupptejhom, u kull ilsien jistqarr \u0120es\u00f9 Kristu hu l-Mulej g\u0127all-glorja ta\u2019 Alla l-Missier\u201d (vv. 9-11).\u00a0\u00a0\u00a0\u00a0<\/p>\n<p>L-istorja tal-Provin\u010bja Agostinjana kkonfermat pre\u017cenza sekulari g\u0127ax l-Agostinjani ma \u0121ewx Malta fl-1817. Fl-1817 il-komunitajiet Agostinjani fil-g\u017cejjer tag\u0127na saru provin\u010bja. Kien moviment kulturali u anki kwa\u017ci politiku li l-provin\u010bji li kienu maqg\u0127udin ma\u2019 Sqallija, ikollhom l-awtonomja tag\u0127hom g\u0127aliex l-awtoritajiet Ingli\u017ci xtaqu jaqtg\u0127u l-kuntatti kollha li r-reli\u0121ju\u017ci kellhom ma\u2019 Sqallija, mar-Renju ta\u017c-\u017bew\u0121 Sqallijiet, <em>delle Due Sicilie<\/em>. Anke d-Djo\u010besi ta\u2019 Malta, fl-1830 waqfet li tkun suffragana ta\u2019 Palermo. U allura f\u2019din l-istorja li qeg\u0127din ni\u010b\u010belebraw naraw ukoll l-i\u017cvilupp tal-identit\u00e0 tag\u0127na.<\/p>\n<p>Illum qeg\u0127din ukoll naraw il-fenomenu invers. Hemm provin\u010bji li qeg\u0127din jg\u0127alqu u jing\u0127aqdu mal-Italja, l-Irlanda jew pajji\u017ci o\u0127rajn. A\u0127na s\u2019issa meta n\u0127arsu lejn il-familja Agostinjana g\u0127adna naraw \u0121uri\u017cdizzjoni awtonoma u provin\u010bja Maltija. Provin\u010bja Maltija li, kif qal tant tajjeb il-Provin\u010bjal Fr Ray, dejjem kellha spirtu missjunarju. Meta mort il-Bra\u017cil kelli x-xorti niltaqa\u2019 anke mal-Agostinjani Maltin ta\u2019 hemmhekk. Imma Fr Ray semma\u2019 wkoll esperjenzi o\u0127rajn li huma attwali. Imma l-Ordni Agostinjana wasslet fil-G\u017cejjer Maltin mhux biss l-ispirtu tal-fundatur, Santu Wistin, imma wkoll id-devozzjonojiet qawwija tal-Madonna ta\u010b-\u010aintura, tal-Madonna tal-Buon Kunsill u tant devozzjonijiet o\u0127ra li \u017cviluppaw bil-\u0127idma tal-patrijiet Agostinjani. \u00a0<\/p>\n<p>Dan il-Konkatidral stess g\u0127al diversi de\u010benji gawda mill-mu\u017cika li kienet immexxija mill-Agostinjani. Dan huwa patrimonju kbir li huwa \u0121awhra fil-pre\u017cenza ekkle\u017cjastika tal-g\u017cejjer tag\u0127na. U l-pre\u017cenza llum mhux biss tal-Isqof Mario Grech, l-Isqof ta\u2019 G\u0127awdex, imma wkoll tan-Nunzju Appostoliku, Mons. Alessandro D\u2019Errico, u tal-Ar\u010bisqof Emeritu Pawlu Cremona, huwa sinjal konkret ta\u2019 gratitudni lil Alla imma anke lil dawn l-a\u0127wa tal-Ordni ta\u2019 Santu Wistin, g\u0127all-\u0121enero\u017cit\u00e0 tag\u0127hom, g\u0127ad-dedikazzjoni tag\u0127hom u g\u0127ax-xhieda tag\u0127hom. \u00a0\u00a0<\/p>\n<p>F\u2019din il-festa solenni tal-E\u017caltazzjoni tas-Salib, illum nirringrazzjaw lill-Mulej g\u0127all-fidwa li \u0121abilna u g\u0127all-prezz g\u0127oli li \u0127allas biex jurina kemm i\u0127obbna. Il-Papa kellu din l-espressjoni sabi\u0127a dalg\u0127odu meta qaddes f\u2019Santa Marta: \u201cis-salib huwa g\u0127ajta ta\u2019 m\u0127abba, is-salib ta\u2019 \u0120es\u00f9 huwa kollu m\u0127abba\u201d. \u00a0\u00a0<\/p>\n<p>L-a\u0127wa, g\u0127adni \u0121ej minn Londra fejn kelli l-opportunit\u00e0 n\u017cur lil \u0127utna Maltin u G\u0127awdxin li jitilg\u0127u hemmhekk g\u0127all-kura spe\u010bjalizzata. U kelli l-privile\u0121\u0121 noqg\u0127od \u0127dejn is-sodda tat-trabi tat-twelid, ta\u2019 \u017cg\u0127a\u017cag\u0127, ta\u2019 tfal u ta\u2019 adulti. Il-mard ma j\u0127ares lejn wi\u010b\u010b \u0127add, kif tafu, u inti tara s-salib \u0127aj u konkret. Pazjent, \u00a0kien g\u0127adu \u017cag\u0127\u017cug\u0127, qalli xi \u0127a\u0121a li ma ninsieha qatt. Qalli, \u201cFather, jiena kont inbieg\u0127 is-sa\u0127\u0127a u missetni din ix-xorti, mhijiex sabi\u0127a. Imma meta nara t-tbatija fit-tfal taf x\u2019n\u0127idlu lil \u0120es\u00f9? Ne\u0127odha jiena t-tbatija tag\u0127hom basta ma jbatux huma\u201d. U jiena f\u2019qalbi g\u0127idt, \u201cHawnhekk qieg\u0127ed fil-pre\u017cenza ta\u2019 xi \u0127add li fehem il-misteru tas-salib tal-Mulej.\u201d Dan ma g\u0127amilx \u0127afna korsijiet tat-Teolo\u0121ija imma hu, b\u2019im\u0127abba kbira u fil-verit\u00e0, lest li jitg\u0127abba bil-mard ta\u2019 \u0127addie\u0127or biex ma jarax lil \u0127addie\u0127or ibati.\u00a0 \u00a0<\/p>\n<p>U a\u0127na hekk ng\u0127idu fil-\u0120img\u0127a l-Kbira, a\u0127na u nirrepetu l-kliem tal-profeta Isaija: \u201ctg\u0127abba bil-mard tag\u0127na, id-dnub tag\u0127na waqa\u2019 fuqu [\u2026] mill-\u0121rie\u0127i tieg\u0127u a\u0127na ksibna l-fejqan\u201d (ara Is 53 4.5). Dawn huma l-qaddisin tal-lum. Jien ma rridx nikkanonizzah lil dan ir-ra\u0121el, ma jafx li qed insemmih u mhux se ng\u0127id min hu. Alla jaf min hu. Imma dawn huma l-qaddisin tal-lum, l-a\u0127wa, u allura San Pawl kellu ra\u0121un isejja\u0127 lill-a\u0127wa qaddisin, g\u0127ax il-qaddisin huma dawk li minkejja li huma dg\u0127ajfa u midinbin, fehmu l-qalb ta\u2019 \u0120es\u00f9 u jippruvaw jg\u0127ixu din il-vokazzjoni.<\/p>\n<p>U intom li intom devoti ta\u2019\u00a0 Santu Wistin u qrib il-kari\u017cma tieg\u0127u permezz tal-patrijiet Agostinjani, meta t\u0127arsu lejn il-motto tieg\u0127u u lejn is-simbolu g\u0127a\u017ci\u017c tieg\u0127u tal-qalb minfuda, ftakru u itolbu, \u201cMulej, inti li inti ta\u2019 qalb \u0127elwa u umli ag\u0127mel li l-qalb tag\u0127na tkun b\u0127al tieg\u0127ek\u201d.<\/p>\n<p>\u201cTinsewx l-g\u0127emejjel kbar ta\u2019 Alla\u201d. A\u0127na llum \u0121ejna hawnhekk biex niftakru biex ma ninsewx nirringrazzjaw lill-Mulej talli, permezz tal-a\u0127wa Agostinjani, ikompli jag\u0127mel fostna g\u0127emejjel kbar.<\/p>\n<p>\u00a0<\/p>\n<p><strong>\u2720<\/strong><strong>\u00a0<\/strong><strong>Charles J. Scicluna<\/strong><\/p>\n<p>\u00a0\u00a0\u00a0 Ar\u010bisqof ta\u2019 Malta<\/p>\n","protected":false},"excerpt":{"rendered":"<p>L-Omelija tal-Ar\u010bisqof Charles J. Scicluna\u00a0\u00a0\u00a0\u00a0\u00a0\u00a0\u00a0\u00a0\u00a0\u00a0\u00a0\u00a0\u00a0\u00a0\u00a0\u00a0\u00a0\u00a0\u00a0\u00a0\u00a0\u00a0\u00a0\u00a0\u00a0\u00a0\u00a0 Konkatidral ta\u2019 San \u0120wann, Valletta 14 ta\u2019 Settembru 2017 \u00a0 \u00a0\u201cTinsewx l-g\u0127emejjel kbar ta\u2019 Alla\u201d (S 77, 7). Hekk kantajna fis-Salm Responsorjali li huwa parti mil-Litur\u0121ija tal-kelma f\u2019din il-festa g\u0127a\u017ci\u017ca tal-E\u017caltazzjoni tas-Salib Imqaddes, \u201ctinsewx l-g\u0127emejjel kbar ta\u2019 Alla\u201d. Il-Provin\u010bjal, Fr Ray Francalanza, lejn it-tmiem tal-introduzzjoni tieg\u0127u, tkellem dwar id-dilemma li kellu u li kellha l-Provin\u010bja Agostinjana dwar jekk g\u0127andhiex ti\u010b\u010belebra dan il-200 anniversarju mit-twaqqif tag\u0127ha. [&hellip;]<\/p>\n","protected":false},"author":3,"featured_media":1365,"comment_status":"","ping_status":"","sticky":false,"template":"","format":"standard","meta":{"_uag_custom_page_level_css":"","site-sidebar-layout":"default","site-content-layout":"","ast-site-content-layout":"default","site-content-style":"default","site-sidebar-style":"default","ast-global-header-display":"","ast-banner-title-visibility":"","ast-main-header-display":"","ast-hfb-above-header-display":"","ast-hfb-below-header-display":"","ast-hfb-mobile-header-display":"","site-post-title":"","ast-breadcrumbs-content":"","ast-featured-img":"","footer-sml-layout":"","ast-disable-related-posts":"","theme-transparent-header-meta":"","adv-header-id-meta":"","stick-header-meta":"","header-above-stick-meta":"","header-main-stick-meta":"","header-below-stick-meta":"","astra-migrate-meta-layouts":"default","ast-page-background-enabled":"default","ast-page-background-meta":{"desktop":{"background-color":"var(--ast-global-color-4)","background-image":"","background-repeat":"repeat","background-position":"center center","background-size":"auto","background-attachment":"scroll","background-type":"","background-media":"","overlay-type":"","overlay-color":"","overlay-opacity":"","overlay-gradient":""},"tablet":{"background-color":"","background-image":"","background-repeat":"repeat","background-position":"center center","background-size":"auto","background-attachment":"scroll","background-type":"","background-media":"","overlay-type":"","overlay-color":"","overlay-opacity":"","overlay-gradient":""},"mobile":{"background-color":"","background-image":"","background-repeat":"repeat","background-position":"center center","background-size":"auto","background-attachment":"scroll","background-type":"","background-media":"","overlay-type":"","overlay-color":"","overlay-opacity":"","overlay-gradient":""}},"ast-content-background-meta":{"desktop":{"background-color":"var(--ast-global-color-5)","background-image":"","background-repeat":"repeat","background-position":"center center","background-size":"auto","background-attachment":"scroll","background-type":"","background-media":"","overlay-type":"","overlay-color":"","overlay-opacity":"","overlay-gradient":""},"tablet":{"background-color":"var(--ast-global-color-5)","background-image":"","background-repeat":"repeat","background-position":"center center","background-size":"auto","background-attachment":"scroll","background-type":"","background-media":"","overlay-type":"","overlay-color":"","overlay-opacity":"","overlay-gradient":""},"mobile":{"background-color":"var(--ast-global-color-5)","background-image":"","background-repeat":"repeat","background-position":"center center","background-size":"auto","background-attachment":"scroll","background-type":"","background-media":"","overlay-type":"","overlay-color":"","overlay-opacity":"","overlay-gradient":""}},"footnotes":""},"categories":[83],"tags":[],"class_list":["post-317","post","type-post","status-publish","format-standard","has-post-thumbnail","hentry","category-ahbarijiet"],"uagb_featured_image_src":{"full":["https:\/\/i0.wp.com\/agostinjani.org\/wp-content\/uploads\/2017\/09\/rsz_img_9946.jpg?fit=263%2C184&ssl=1",263,184,false],"thumbnail":["https:\/\/i0.wp.com\/agostinjani.org\/wp-content\/uploads\/2017\/09\/rsz_img_9946.jpg?resize=150%2C150&ssl=1",150,150,true],"medium":["https:\/\/i0.wp.com\/agostinjani.org\/wp-content\/uploads\/2017\/09\/rsz_img_9946.jpg?fit=263%2C184&ssl=1",263,184,true],"medium_large":["https:\/\/i0.wp.com\/agostinjani.org\/wp-content\/uploads\/2017\/09\/rsz_img_9946.jpg?fit=263%2C184&ssl=1",263,184,true],"large":["https:\/\/i0.wp.com\/agostinjani.org\/wp-content\/uploads\/2017\/09\/rsz_img_9946.jpg?fit=263%2C184&ssl=1",263,184,true],"1536x1536":["https:\/\/i0.wp.com\/agostinjani.org\/wp-content\/uploads\/2017\/09\/rsz_img_9946.jpg?fit=263%2C184&ssl=1",263,184,true],"2048x2048":["https:\/\/i0.wp.com\/agostinjani.org\/wp-content\/uploads\/2017\/09\/rsz_img_9946.jpg?fit=263%2C184&ssl=1",263,184,true],"gform-image-choice-sm":["https:\/\/i0.wp.com\/agostinjani.org\/wp-content\/uploads\/2017\/09\/rsz_img_9946.jpg?resize=263%2C184&ssl=1",263,184,true],"gform-image-choice-md":["https:\/\/i0.wp.com\/agostinjani.org\/wp-content\/uploads\/2017\/09\/rsz_img_9946.jpg?resize=263%2C184&ssl=1",263,184,true],"gform-image-choice-lg":["https:\/\/i0.wp.com\/agostinjani.org\/wp-content\/uploads\/2017\/09\/rsz_img_9946.jpg?resize=263%2C184&ssl=1",263,184,true]},"uagb_author_info":{"display_name":"Fr David Cortis","author_link":"https:\/\/agostinjani.org\/mt\/author\/frdavidc\/"},"uagb_comment_info":0,"uagb_excerpt":"L-Omelija tal-Ar\u010bisqof Charles J. Scicluna\u00a0\u00a0\u00a0\u00a0\u00a0\u00a0\u00a0\u00a0\u00a0\u00a0\u00a0\u00a0\u00a0\u00a0\u00a0\u00a0\u00a0\u00a0\u00a0\u00a0\u00a0\u00a0\u00a0\u00a0\u00a0\u00a0\u00a0 Konkatidral ta\u2019 San \u0120wann, Valletta 14 ta\u2019 Settembru 2017 \u00a0 \u00a0\u201cTinsewx l-g\u0127emejjel kbar ta\u2019 Alla\u201d (S 77, 7). Hekk kantajna fis-Salm Responsorjali li huwa parti mil-Litur\u0121ija tal-kelma f\u2019din il-festa g\u0127a\u017ci\u017ca tal-E\u017caltazzjoni tas-Salib Imqaddes, \u201ctinsewx l-g\u0127emejjel kbar ta\u2019 Alla\u201d. Il-Provin\u010bjal, Fr Ray Francalanza, lejn it-tmiem tal-introduzzjoni tieg\u0127u, tkellem dwar id-dilemma li&hellip;","_links":{"self":[{"href":"https:\/\/agostinjani.org\/mt\/wp-json\/wp\/v2\/posts\/317","targetHints":{"allow":["GET"]}}],"collection":[{"href":"https:\/\/agostinjani.org\/mt\/wp-json\/wp\/v2\/posts"}],"about":[{"href":"https:\/\/agostinjani.org\/mt\/wp-json\/wp\/v2\/types\/post"}],"author":[{"embeddable":true,"href":"https:\/\/agostinjani.org\/mt\/wp-json\/wp\/v2\/users\/3"}],"replies":[{"embeddable":true,"href":"https:\/\/agostinjani.org\/mt\/wp-json\/wp\/v2\/comments?post=317"}],"version-history":[{"count":0,"href":"https:\/\/agostinjani.org\/mt\/wp-json\/wp\/v2\/posts\/317\/revisions"}],"wp:featuredmedia":[{"embeddable":true,"href":"https:\/\/agostinjani.org\/mt\/wp-json\/wp\/v2\/media\/1365"}],"wp:attachment":[{"href":"https:\/\/agostinjani.org\/mt\/wp-json\/wp\/v2\/media?parent=317"}],"wp:term":[{"taxonomy":"category","embeddable":true,"href":"https:\/\/agostinjani.org\/mt\/wp-json\/wp\/v2\/categories?post=317"},{"taxonomy":"post_tag","embeddable":true,"href":"https:\/\/agostinjani.org\/mt\/wp-json\/wp\/v2\/tags?post=317"}],"curies":[{"name":"wp","href":"https:\/\/api.w.org\/{rel}","templated":true}]}}