{"id":1201,"date":"2024-07-17T11:15:37","date_gmt":"2024-07-17T09:15:37","guid":{"rendered":"https:\/\/dev.agostinjani.org\/ahbarijiet\/kungress-internazzjonali-ghall-lajci-fruma\/"},"modified":"2024-09-13T15:24:46","modified_gmt":"2024-09-13T13:24:46","slug":"kungress-internazzjonali-ghall-lajci-fruma","status":"publish","type":"post","link":"https:\/\/agostinjani.org\/mt\/ahbarijiet\/kungress-internazzjonali-ghall-lajci-fruma\/","title":{"rendered":"Kungress Internazzjonali g\u0127al-Laj\u010bi f\u2019Ruma"},"content":{"rendered":"<p style=\"text-align: justify;\">Bejn l-10 u l-15 ta\u2019 Lulju 2024 ittella f\u2019Ruma Kungress Internazzjonali g\u0127all-laj\u010bi Agostinjani li fih qed jiltaqg\u0127u rapprezentanti tal-laj\u010bi Agostinjani mi\u010b-\u010airkoskrizzjonijiet differenti tal-Ordni ta\u2019 Santu Wistin minn madwar id-dinja. Malta qed tkun rappre\u017centata mid-delegat Provin\u010bjali g\u0127all-laj\u010bi, P. Franco Grech O.S.A., flimkien ma tliet membri tal-Kummissjoni Provin\u010bjali g\u0127al-laj\u010bi li huma wkoll attivi f\u2019oqsma o\u0127ra tal-Provin\u010bja Agostinjana f\u2019Malta. Is-Sur Godfrey Scicluna huwa l-Koordinatur tal-Fraternita Agostinjana Sekulari flimkien ma martu Isabel li hija wkoll membru tal-Istess Fraternita. Is-Sur Glenn Mifsud ja\u0127dem b\u0127ala assistent Kap fil-Kulle\u0121\u0121 Santu Wistin.<\/p>\n<p style=\"text-align: justify;\">Il-Kungress li qed jin\u017camm fl-Istitut Patristiku <em>Augustinianum<\/em> f\u2019Ruma g\u0127andu l-iskop li j\u0121ib flimkien rappre\u017centanti minn pajji\u017ci differenti madwar id-dinja biex jaqsmu flimkien inizjattivi u esperjenzi ta\u2019 laj\u010bi li huma parti mill-familja wiesg\u0127a tal-Ordni ta\u2019 Santu Wistin. L-iskop ta\u2019 dawn il-laqg\u0127at huwa anke li jsa\u0127\u0127a\u0127 il-pre\u017cenza tal-laj\u010bi u jag\u0127tihom formazzjoni dwar il-kari\u017cma Agostinjana u l-irwol tag\u0127hom fl-istess familja Agostinjana u fil-Knisja.<\/p>\n","protected":false},"excerpt":{"rendered":"<p>Bejn l-10 u l-15 ta\u2019 Lulju 2024 ittella f\u2019Ruma Kungress Internazzjonali g\u0127all-laj\u010bi Agostinjani li fih qed jiltaqg\u0127u rapprezentanti tal-laj\u010bi Agostinjani mi\u010b-\u010airkoskrizzjonijiet differenti tal-Ordni ta\u2019 Santu Wistin minn madwar id-dinja. Malta qed tkun rappre\u017centata mid-delegat Provin\u010bjali g\u0127all-laj\u010bi, P. Franco Grech O.S.A., flimkien ma tliet membri tal-Kummissjoni Provin\u010bjali g\u0127al-laj\u010bi li huma wkoll attivi f\u2019oqsma o\u0127ra tal-Provin\u010bja Agostinjana f\u2019Malta. Is-Sur Godfrey Scicluna huwa l-Koordinatur tal-Fraternita Agostinjana Sekulari flimkien ma martu Isabel li hija [&hellip;]<\/p>\n","protected":false},"author":4,"featured_media":7518,"comment_status":"closed","ping_status":"closed","sticky":false,"template":"","format":"standard","meta":{"_uag_custom_page_level_css":"","site-sidebar-layout":"default","site-content-layout":"","ast-site-content-layout":"default","site-content-style":"default","site-sidebar-style":"default","ast-global-header-display":"","ast-banner-title-visibility":"","ast-main-header-display":"","ast-hfb-above-header-display":"","ast-hfb-below-header-display":"","ast-hfb-mobile-header-display":"","site-post-title":"","ast-breadcrumbs-content":"","ast-featured-img":"","footer-sml-layout":"","ast-disable-related-posts":"","theme-transparent-header-meta":"","adv-header-id-meta":"","stick-header-meta":"","header-above-stick-meta":"","header-main-stick-meta":"","header-below-stick-meta":"","astra-migrate-meta-layouts":"default","ast-page-background-enabled":"default","ast-page-background-meta":{"desktop":{"background-color":"var(--ast-global-color-4)","background-image":"","background-repeat":"repeat","background-position":"center center","background-size":"auto","background-attachment":"scroll","background-type":"","background-media":"","overlay-type":"","overlay-color":"","overlay-opacity":"","overlay-gradient":""},"tablet":{"background-color":"","background-image":"","background-repeat":"repeat","background-position":"center center","background-size":"auto","background-attachment":"scroll","background-type":"","background-media":"","overlay-type":"","overlay-color":"","overlay-opacity":"","overlay-gradient":""},"mobile":{"background-color":"","background-image":"","background-repeat":"repeat","background-position":"center center","background-size":"auto","background-attachment":"scroll","background-type":"","background-media":"","overlay-type":"","overlay-color":"","overlay-opacity":"","overlay-gradient":""}},"ast-content-background-meta":{"desktop":{"background-color":"var(--ast-global-color-5)","background-image":"","background-repeat":"repeat","background-position":"center center","background-size":"auto","background-attachment":"scroll","background-type":"","background-media":"","overlay-type":"","overlay-color":"","overlay-opacity":"","overlay-gradient":""},"tablet":{"background-color":"var(--ast-global-color-5)","background-image":"","background-repeat":"repeat","background-position":"center center","background-size":"auto","background-attachment":"scroll","background-type":"","background-media":"","overlay-type":"","overlay-color":"","overlay-opacity":"","overlay-gradient":""},"mobile":{"background-color":"var(--ast-global-color-5)","background-image":"","background-repeat":"repeat","background-position":"center center","background-size":"auto","background-attachment":"scroll","background-type":"","background-media":"","overlay-type":"","overlay-color":"","overlay-opacity":"","overlay-gradient":""}},"footnotes":""},"categories":[83,165],"tags":[],"class_list":["post-1201","post","type-post","status-publish","format-standard","has-post-thumbnail","hentry","category-ahbarijiet","category-lajci"],"uagb_featured_image_src":{"full":["https:\/\/i0.wp.com\/agostinjani.org\/wp-content\/uploads\/2024\/07\/202407_-_Kungress_Ruma_800px.png?fit=800%2C450&ssl=1",800,450,false],"thumbnail":["https:\/\/i0.wp.com\/agostinjani.org\/wp-content\/uploads\/2024\/07\/202407_-_Kungress_Ruma_800px.png?resize=350%2C350&ssl=1",350,350,true],"medium":["https:\/\/i0.wp.com\/agostinjani.org\/wp-content\/uploads\/2024\/07\/202407_-_Kungress_Ruma_800px.png?fit=800%2C450&ssl=1",800,450,true],"medium_large":["https:\/\/i0.wp.com\/agostinjani.org\/wp-content\/uploads\/2024\/07\/202407_-_Kungress_Ruma_800px.png?fit=768%2C432&ssl=1",768,432,true],"large":["https:\/\/i0.wp.com\/agostinjani.org\/wp-content\/uploads\/2024\/07\/202407_-_Kungress_Ruma_800px.png?fit=800%2C450&ssl=1",800,450,true],"1536x1536":["https:\/\/i0.wp.com\/agostinjani.org\/wp-content\/uploads\/2024\/07\/202407_-_Kungress_Ruma_800px.png?fit=800%2C450&ssl=1",800,450,true],"2048x2048":["https:\/\/i0.wp.com\/agostinjani.org\/wp-content\/uploads\/2024\/07\/202407_-_Kungress_Ruma_800px.png?fit=800%2C450&ssl=1",800,450,true],"gform-image-choice-sm":["https:\/\/i0.wp.com\/agostinjani.org\/wp-content\/uploads\/2024\/07\/202407_-_Kungress_Ruma_800px.png?resize=300%2C300&ssl=1",300,300,true],"gform-image-choice-md":["https:\/\/i0.wp.com\/agostinjani.org\/wp-content\/uploads\/2024\/07\/202407_-_Kungress_Ruma_800px.png?resize=400%2C400&ssl=1",400,400,true],"gform-image-choice-lg":["https:\/\/i0.wp.com\/agostinjani.org\/wp-content\/uploads\/2024\/07\/202407_-_Kungress_Ruma_800px.png?resize=600%2C450&ssl=1",600,450,true]},"uagb_author_info":{"display_name":"Fr Terence Spiteri","author_link":"https:\/\/agostinjani.org\/mt\/author\/frterences\/"},"uagb_comment_info":0,"uagb_excerpt":"Bejn l-10 u l-15 ta\u2019 Lulju 2024 ittella f\u2019Ruma Kungress Internazzjonali g\u0127all-laj\u010bi Agostinjani li fih qed jiltaqg\u0127u rapprezentanti tal-laj\u010bi Agostinjani mi\u010b-\u010airkoskrizzjonijiet differenti tal-Ordni ta\u2019 Santu Wistin minn madwar id-dinja. Malta qed tkun rappre\u017centata mid-delegat Provin\u010bjali g\u0127all-laj\u010bi, P. Franco Grech O.S.A., flimkien ma tliet membri tal-Kummissjoni Provin\u010bjali g\u0127al-laj\u010bi li huma wkoll attivi f\u2019oqsma o\u0127ra tal-Provin\u010bja Agostinjana&hellip;","_links":{"self":[{"href":"https:\/\/agostinjani.org\/mt\/wp-json\/wp\/v2\/posts\/1201","targetHints":{"allow":["GET"]}}],"collection":[{"href":"https:\/\/agostinjani.org\/mt\/wp-json\/wp\/v2\/posts"}],"about":[{"href":"https:\/\/agostinjani.org\/mt\/wp-json\/wp\/v2\/types\/post"}],"author":[{"embeddable":true,"href":"https:\/\/agostinjani.org\/mt\/wp-json\/wp\/v2\/users\/4"}],"replies":[{"embeddable":true,"href":"https:\/\/agostinjani.org\/mt\/wp-json\/wp\/v2\/comments?post=1201"}],"version-history":[{"count":1,"href":"https:\/\/agostinjani.org\/mt\/wp-json\/wp\/v2\/posts\/1201\/revisions"}],"predecessor-version":[{"id":7595,"href":"https:\/\/agostinjani.org\/mt\/wp-json\/wp\/v2\/posts\/1201\/revisions\/7595"}],"wp:featuredmedia":[{"embeddable":true,"href":"https:\/\/agostinjani.org\/mt\/wp-json\/wp\/v2\/media\/7518"}],"wp:attachment":[{"href":"https:\/\/agostinjani.org\/mt\/wp-json\/wp\/v2\/media?parent=1201"}],"wp:term":[{"taxonomy":"category","embeddable":true,"href":"https:\/\/agostinjani.org\/mt\/wp-json\/wp\/v2\/categories?post=1201"},{"taxonomy":"post_tag","embeddable":true,"href":"https:\/\/agostinjani.org\/mt\/wp-json\/wp\/v2\/tags?post=1201"}],"curies":[{"name":"wp","href":"https:\/\/api.w.org\/{rel}","templated":true}]}}