{"id":105,"date":"2017-01-11T08:48:22","date_gmt":"2017-01-11T08:48:22","guid":{"rendered":"https:\/\/dev.agostinjani.org\/malti\/ministeri\/inizjattivi-lajci-agostinjani\/inizjattivi-lajci-agostinjani\/"},"modified":"2023-12-14T14:29:56","modified_gmt":"2023-12-14T13:29:56","slug":"inizjattivi-lajci-agostinjani","status":"publish","type":"post","link":"https:\/\/agostinjani.org\/mt\/ministeri-mt\/lajci\/inizjattivi-lajci-agostinjani\/","title":{"rendered":"Inizjattivi Laj\u010bi Agostinjani"},"content":{"rendered":"<p><em>Bil-\u0127sieb tal-ekkle\u017cjolo\u0121ija tal-komunjoni hekk kif murija fil-Kon\u010bilju Vatikan II, li g\u0127andha g\u0127eruq agostinjani profondi, a\u0127na naqsmu mal-laj\u010bi id-dinjit&agrave; tas-sej\u0127a tal-mag\u0127mudija tag\u0127na, s\u0127ubija s\u0127i\u0127a fil-Knisja u sehem u korresponsabilt&agrave; fil-missjoni tal-Knisja. Fid-dar komuni tal-Poplu ta&rsquo; Alla, reli\u0121ju\u017ci u laj\u010bi huma msej\u0127a biex jg\u0127ixu l-komunjoni, kull wie\u0127ed skont is-sej\u0127a partikolari tieg\u0127u. Sabiex inkunu fidili lejn din l-ekkle\u017cjolo\u0121ija ta&rsquo; komunjoni, li g\u0127al Santu Wistin kienet tant importanti, il-partijiet kollha tal-Ordni, fil-programmi u l-pro\u0121etti tag\u0127hom, g\u0127andhom jipprovdu l-parte\u010bipazzjoni effettiva tal-laj\u010bi, b&rsquo;attenzjoni s\u0127i\u0127a g\u0127al din l-ekkle\u017cjolo\u0121ija u l-ispiritwalit&agrave; agostinjana. <\/em>(Kostituzzjonijiet O.S.A, 45)<\/p>\n<p>Sa minn ftit wara t-twaqqif tieg\u0127u, l-Ordni Agostinjan sie\u0127eb fil-\u0127idma u l-ispiritwalit&agrave; tieg\u0127u lil laj\u010bi. Dawn, b\u0127ala membri tat-Terz&rsquo;Ordni Agostinjan, kienu jispiraw rwie\u0127hom mill-ispiritwalit&agrave; tal-Ordni, joffru s-servizzi tag\u0127hom lil xi komunit&agrave; agostinjana partikolari, filwaqt li jibqg\u0127u jg\u0127ixu skont l-istat u x-xog\u0127ol tag\u0127hom fid-dinja. B\u0127ala sinjal distintiv tal-appartenenza fl-Ordni, dawn il-laj\u010bi kienu jing\u0127ataw is-sinjal marjan ta\u010b-\u010aintura, il-\u0127\u017ciem tal-\u0121ild li bih jit\u0127a\u017c\u017cmu r-reli\u0121ju\u017ci agostinjani. Fis-sekli XV dawn il-gruppi \u0121ew organizzati fi struttura li aktar twie\u0121eb g\u0127all-\u0127ti\u0121ijiet ta\u017c-\u017cmien.<\/p>\n<p>Wara l-Kon\u010bilju Vatikan II sar sforz madwar l-Ordni kollu sabiex il-laj\u010bi agostinjani jiksbu mill-\u0121did l-identit&agrave; u r-relevanza tag\u0127hom skont it-tag\u0127lim tal-kon\u010bilju. G\u0127aldaqstant bdew jiffurmaw il-Fraternitajiet Agostinjani Sekolari, fejn il-laj\u010bi li jispiraw rwie\u0127hom mill-ispiritwalit&agrave; ta&rsquo; komunjoni ta&rsquo; Santu Wistin jin\u0121abru flimkien u jiffurmaw fraternit&agrave;: f&rsquo;jiem partikolari jin\u0121abru flimkien sabiex jitolbu, jiffurmaw rwie\u0127hom, ji\u010b\u010belebraw il-valuri agostinjani u joffru s-servizz tag\u0127hom lil Knisja u lis-so\u010bjet&agrave;.<\/p>\n<p>Sabiex dan l-ideal jintla\u0127aq, il-Provin\u010bja Agostinjani iffurmat il-Kummissjoni tal-Laj\u010bi Agostinjani. L-iskop ta&rsquo; din il-Kummissjoni huwa li jiltaqqg\u0127u flimkien il-laj\u010bi li huma qrib id-diversi komunitajiet agostinjani f&rsquo;Malta biex flimkien nitg\u0127allmu aktar fuq l-Ispiritwalit&agrave; Agostinjana b&rsquo;temi li huma pratti\u010bi g\u0127all-\u0127ajja tag\u0127na ta&rsquo; kuljum. Bl-attivitajiet li jsiru il-laj\u010bi Agostinjani ikunu f&rsquo;kuntatt bejniethom.<\/p>\n","protected":false},"excerpt":{"rendered":"<p>Bil-\u0127sieb tal-ekkle\u017cjolo\u0121ija tal-komunjoni hekk kif murija fil-Kon\u010bilju Vatikan II, li g\u0127andha g\u0127eruq agostinjani profondi, a\u0127na naqsmu mal-laj\u010bi id-dinjit&agrave; tas-sej\u0127a tal-mag\u0127mudija tag\u0127na, s\u0127ubija s\u0127i\u0127a fil-Knisja u sehem u korresponsabilt&agrave; fil-missjoni tal-Knisja. Fid-dar komuni tal-Poplu ta&rsquo; Alla, reli\u0121ju\u017ci u laj\u010bi huma msej\u0127a biex jg\u0127ixu l-komunjoni, kull wie\u0127ed skont is-sej\u0127a partikolari tieg\u0127u. Sabiex inkunu fidili lejn din l-ekkle\u017cjolo\u0121ija ta&rsquo; komunjoni, li g\u0127al Santu Wistin kienet tant importanti, il-partijiet kollha tal-Ordni, fil-programmi u l-pro\u0121etti [&hellip;]<\/p>\n","protected":false},"author":2,"featured_media":0,"comment_status":"closed","ping_status":"","sticky":false,"template":"","format":"standard","meta":{"_uag_custom_page_level_css":"","site-sidebar-layout":"default","site-content-layout":"","ast-site-content-layout":"default","site-content-style":"default","site-sidebar-style":"default","ast-global-header-display":"","ast-banner-title-visibility":"","ast-main-header-display":"","ast-hfb-above-header-display":"","ast-hfb-below-header-display":"","ast-hfb-mobile-header-display":"","site-post-title":"","ast-breadcrumbs-content":"","ast-featured-img":"","footer-sml-layout":"","ast-disable-related-posts":"","theme-transparent-header-meta":"","adv-header-id-meta":"","stick-header-meta":"","header-above-stick-meta":"","header-main-stick-meta":"","header-below-stick-meta":"","astra-migrate-meta-layouts":"default","ast-page-background-enabled":"default","ast-page-background-meta":{"desktop":{"background-color":"var(--ast-global-color-4)","background-image":"","background-repeat":"repeat","background-position":"center center","background-size":"auto","background-attachment":"scroll","background-type":"","background-media":"","overlay-type":"","overlay-color":"","overlay-opacity":"","overlay-gradient":""},"tablet":{"background-color":"","background-image":"","background-repeat":"repeat","background-position":"center center","background-size":"auto","background-attachment":"scroll","background-type":"","background-media":"","overlay-type":"","overlay-color":"","overlay-opacity":"","overlay-gradient":""},"mobile":{"background-color":"","background-image":"","background-repeat":"repeat","background-position":"center center","background-size":"auto","background-attachment":"scroll","background-type":"","background-media":"","overlay-type":"","overlay-color":"","overlay-opacity":"","overlay-gradient":""}},"ast-content-background-meta":{"desktop":{"background-color":"var(--ast-global-color-5)","background-image":"","background-repeat":"repeat","background-position":"center center","background-size":"auto","background-attachment":"scroll","background-type":"","background-media":"","overlay-type":"","overlay-color":"","overlay-opacity":"","overlay-gradient":""},"tablet":{"background-color":"var(--ast-global-color-5)","background-image":"","background-repeat":"repeat","background-position":"center center","background-size":"auto","background-attachment":"scroll","background-type":"","background-media":"","overlay-type":"","overlay-color":"","overlay-opacity":"","overlay-gradient":""},"mobile":{"background-color":"var(--ast-global-color-5)","background-image":"","background-repeat":"repeat","background-position":"center center","background-size":"auto","background-attachment":"scroll","background-type":"","background-media":"","overlay-type":"","overlay-color":"","overlay-opacity":"","overlay-gradient":""}},"footnotes":""},"categories":[165],"tags":[],"class_list":["post-105","post","type-post","status-publish","format-standard","hentry","category-lajci"],"uagb_featured_image_src":{"full":false,"thumbnail":false,"medium":false,"medium_large":false,"large":false,"1536x1536":false,"2048x2048":false,"gform-image-choice-sm":false,"gform-image-choice-md":false,"gform-image-choice-lg":false},"uagb_author_info":{"display_name":"Super User","author_link":"https:\/\/agostinjani.org\/mt\/author\/allaccess\/"},"uagb_comment_info":0,"uagb_excerpt":"Bil-\u0127sieb tal-ekkle\u017cjolo\u0121ija tal-komunjoni hekk kif murija fil-Kon\u010bilju Vatikan II, li g\u0127andha g\u0127eruq agostinjani profondi, a\u0127na naqsmu mal-laj\u010bi id-dinjit&agrave; tas-sej\u0127a tal-mag\u0127mudija tag\u0127na, s\u0127ubija s\u0127i\u0127a fil-Knisja u sehem u korresponsabilt&agrave; fil-missjoni tal-Knisja. Fid-dar komuni tal-Poplu ta&rsquo; Alla, reli\u0121ju\u017ci u laj\u010bi huma msej\u0127a biex jg\u0127ixu l-komunjoni, kull wie\u0127ed skont is-sej\u0127a partikolari tieg\u0127u. Sabiex inkunu fidili lejn din l-ekkle\u017cjolo\u0121ija&hellip;","_links":{"self":[{"href":"https:\/\/agostinjani.org\/mt\/wp-json\/wp\/v2\/posts\/105","targetHints":{"allow":["GET"]}}],"collection":[{"href":"https:\/\/agostinjani.org\/mt\/wp-json\/wp\/v2\/posts"}],"about":[{"href":"https:\/\/agostinjani.org\/mt\/wp-json\/wp\/v2\/types\/post"}],"author":[{"embeddable":true,"href":"https:\/\/agostinjani.org\/mt\/wp-json\/wp\/v2\/users\/2"}],"replies":[{"embeddable":true,"href":"https:\/\/agostinjani.org\/mt\/wp-json\/wp\/v2\/comments?post=105"}],"version-history":[{"count":1,"href":"https:\/\/agostinjani.org\/mt\/wp-json\/wp\/v2\/posts\/105\/revisions"}],"predecessor-version":[{"id":3882,"href":"https:\/\/agostinjani.org\/mt\/wp-json\/wp\/v2\/posts\/105\/revisions\/3882"}],"wp:attachment":[{"href":"https:\/\/agostinjani.org\/mt\/wp-json\/wp\/v2\/media?parent=105"}],"wp:term":[{"taxonomy":"category","embeddable":true,"href":"https:\/\/agostinjani.org\/mt\/wp-json\/wp\/v2\/categories?post=105"},{"taxonomy":"post_tag","embeddable":true,"href":"https:\/\/agostinjani.org\/mt\/wp-json\/wp\/v2\/tags?post=105"}],"curies":[{"name":"wp","href":"https:\/\/api.w.org\/{rel}","templated":true}]}}