{"id":1043,"date":"2022-08-30T12:42:06","date_gmt":"2022-08-30T12:42:06","guid":{"rendered":"https:\/\/dev.agostinjani.org\/ahbarijiet\/huna-p-george-bezzina-mar-jiltaqa-mal-mulej-li-tant-habb\/"},"modified":"2022-08-30T12:42:06","modified_gmt":"2022-08-30T12:42:06","slug":"huna-p-george-bezzina-mar-jiltaqa-mal-mulej-li-tant-habb","status":"publish","type":"post","link":"https:\/\/agostinjani.org\/mt\/ahbarijiet\/huna-p-george-bezzina-mar-jiltaqa-mal-mulej-li-tant-habb\/","title":{"rendered":"\u0126una P. George Bezzina mar jiltaqa mal-Mulej li tant \u0127abb"},"content":{"rendered":"<p style=\"text-align: justify;\">Il-Provin\u010bja Agostinjana Maltija t\u0127abbar b\u2019sog\u0127ba l-mewt ta\u2019 P. George Bezzina li llum 30 ta Awissu 2022, mar jiltaqa\u2019 mal-Mulej li tant \u0127abb u qeda matul \u0127ajtu, fl-eta sabi\u0127a ta\u2019 94 sena. F\u2019dawn l-a\u0127\u0127ar snin P. George kien rikoverat fid-Dar tal-Kleru Birkirkara, wara diversi snin fil-Komunita tal-Parro\u010b\u010ba ta\u2019 Santu Wistin fil-Belt Valletta.<\/p>\n<p style=\"text-align: justify;\">P. George twieled il-G\u0127arg\u0127ur fid-29 ta\u2019 Marzu 1928 u inag\u0127qad mal-familja Agostinjana fl-1946. Wara li temm l-istudji tieg\u0127u kien ordnat Sa\u010berdot fil-21 ta\u2019 Marzu 1953. L-ewwel snin tal-ministeru tieg\u0127u g\u0127exhom fil-Komunitajiet tar-Rabat Malta u tal-belt Victoria f\u2019G\u0127awdex fejn kien responsabbli mill-formazzjoni tal-Professi u aktar tard tan-novizzi Agostinjani. Fl-1961 intbag\u0127at g\u0127al sentejn ta\u2019 \u0127idma missjunarja f\u2019La Goulette Tune\u017c u wara re\u0121a lura Malta fejn kompla l-\u0127idma li \u0127alla fil-qasam tal-formazzjoni b\u0127ala surmast tan-novizzi. Fl-a\u0127\u0127ar tas-snin sittin imbag\u0127ad intbaghat fil-kunvent tal-Belt fejn serva g\u0127al ftit snin b\u0127ala vi\u010bi-Kappillan sakemm fil-bidu tas-sebg\u0127inijiet intbag\u0127at fil-missjoni tal-Bra\u017cil fejn \u0127adem g\u0127al aktar minn \u0127amsa u g\u0127oxrin sena f\u2019diversi realtajiet u responsabiltajiet. Fl-1998 imbag\u0127ad \u0127alla l-Bra\u017cil u inag\u0127qad mal-komunit\u00e0 ta\u2019 Annaba fl-Al\u0121erija fejn serva g\u0127al tmien snin. Lura Malta fl-2006 inag\u0127qad mill-\u0121did mal-komunita tal-Belt Victoria G\u0127awdex u fl-2010 beda jag\u0127mel parti mill-Komunita tal-Belt Valletta fejn baqa sakemm fl-2018 \u0121ie rikoverat fid-Dar tal-Kleru min\u0127abba limitazzjonijiet ta\u2019 sa\u0127\u0127a.<\/p>\n<p style=\"text-align: justify;\">Missjunarju g\u0127al aktar minn 35 sena, P. George serva g\u0127al diversi snin fil-Kamp tal-formazzjoni tal-istudenti Agostinjani u kellu tant g\u0127al qalbu l-\u0127idma g\u0127all-vokazzjonijiet \u0121odda. <strong>Il-funeral tieg\u0127u ser isir g\u0127ada l-Erbg\u0127a 31 ta\u2019 Awissu 2022 fil-Knisja Parrokkjali ta\u2019 Santu Wistin il-Belt Valletta fid-9.30am. Qabel il-quddiesa il-\u0121isem ta\u2019 \u0127una P. George ser jitqieg\u0127ed fl-Oratorju tal-Madonna ta\u010b-\u010aintura g\u0127at-tislima tal-pubbliku.<\/strong> Id-difna ssir imbag\u0127ad fl-oqbra tal-Provin\u010bja Agostinjana fi\u010b-\u010bimiterju ta\u2019 Santa Marija Addolorata.<\/p>\n<p style=\"text-align: justify;\">\u00a0Il-Provin\u010bja Agostinjana tirrakomanda r-ru\u0127 ta\u2019 dan \u0127una fit-talb tag\u0127kom.<\/p>\n","protected":false},"excerpt":{"rendered":"<p>Il-Provin\u010bja Agostinjana Maltija t\u0127abbar b\u2019sog\u0127ba l-mewt ta\u2019 P. George Bezzina li llum 30 ta Awissu 2022, mar jiltaqa\u2019 mal-Mulej li tant \u0127abb u qeda matul \u0127ajtu, fl-eta sabi\u0127a ta\u2019 94 sena. F\u2019dawn l-a\u0127\u0127ar snin P. George kien rikoverat fid-Dar tal-Kleru Birkirkara, wara diversi snin fil-Komunita tal-Parro\u010b\u010ba ta\u2019 Santu Wistin fil-Belt Valletta. P. George twieled il-G\u0127arg\u0127ur fid-29 ta\u2019 Marzu 1928 u inag\u0127qad mal-familja Agostinjana fl-1946. Wara li temm l-istudji tieg\u0127u kien [&hellip;]<\/p>\n","protected":false},"author":4,"featured_media":2339,"comment_status":"","ping_status":"","sticky":false,"template":"","format":"standard","meta":{"_uag_custom_page_level_css":"","site-sidebar-layout":"default","site-content-layout":"","ast-site-content-layout":"default","site-content-style":"default","site-sidebar-style":"default","ast-global-header-display":"","ast-banner-title-visibility":"","ast-main-header-display":"","ast-hfb-above-header-display":"","ast-hfb-below-header-display":"","ast-hfb-mobile-header-display":"","site-post-title":"","ast-breadcrumbs-content":"","ast-featured-img":"","footer-sml-layout":"","ast-disable-related-posts":"","theme-transparent-header-meta":"","adv-header-id-meta":"","stick-header-meta":"","header-above-stick-meta":"","header-main-stick-meta":"","header-below-stick-meta":"","astra-migrate-meta-layouts":"default","ast-page-background-enabled":"default","ast-page-background-meta":{"desktop":{"background-color":"var(--ast-global-color-4)","background-image":"","background-repeat":"repeat","background-position":"center center","background-size":"auto","background-attachment":"scroll","background-type":"","background-media":"","overlay-type":"","overlay-color":"","overlay-opacity":"","overlay-gradient":""},"tablet":{"background-color":"","background-image":"","background-repeat":"repeat","background-position":"center center","background-size":"auto","background-attachment":"scroll","background-type":"","background-media":"","overlay-type":"","overlay-color":"","overlay-opacity":"","overlay-gradient":""},"mobile":{"background-color":"","background-image":"","background-repeat":"repeat","background-position":"center center","background-size":"auto","background-attachment":"scroll","background-type":"","background-media":"","overlay-type":"","overlay-color":"","overlay-opacity":"","overlay-gradient":""}},"ast-content-background-meta":{"desktop":{"background-color":"var(--ast-global-color-5)","background-image":"","background-repeat":"repeat","background-position":"center center","background-size":"auto","background-attachment":"scroll","background-type":"","background-media":"","overlay-type":"","overlay-color":"","overlay-opacity":"","overlay-gradient":""},"tablet":{"background-color":"var(--ast-global-color-5)","background-image":"","background-repeat":"repeat","background-position":"center center","background-size":"auto","background-attachment":"scroll","background-type":"","background-media":"","overlay-type":"","overlay-color":"","overlay-opacity":"","overlay-gradient":""},"mobile":{"background-color":"var(--ast-global-color-5)","background-image":"","background-repeat":"repeat","background-position":"center center","background-size":"auto","background-attachment":"scroll","background-type":"","background-media":"","overlay-type":"","overlay-color":"","overlay-opacity":"","overlay-gradient":""}},"footnotes":""},"categories":[83],"tags":[],"class_list":["post-1043","post","type-post","status-publish","format-standard","has-post-thumbnail","hentry","category-ahbarijiet"],"uagb_featured_image_src":{"full":["https:\/\/i0.wp.com\/agostinjani.org\/wp-content\/uploads\/2022\/08\/20220830_-_P_George_Bezzina_-_600px.jpg?fit=600%2C450&ssl=1",600,450,false],"thumbnail":["https:\/\/i0.wp.com\/agostinjani.org\/wp-content\/uploads\/2022\/08\/20220830_-_P_George_Bezzina_-_600px.jpg?resize=350%2C350&ssl=1",350,350,true],"medium":["https:\/\/i0.wp.com\/agostinjani.org\/wp-content\/uploads\/2022\/08\/20220830_-_P_George_Bezzina_-_600px.jpg?fit=300%2C225&ssl=1",300,225,true],"medium_large":["https:\/\/i0.wp.com\/agostinjani.org\/wp-content\/uploads\/2022\/08\/20220830_-_P_George_Bezzina_-_600px.jpg?fit=600%2C450&ssl=1",600,450,true],"large":["https:\/\/i0.wp.com\/agostinjani.org\/wp-content\/uploads\/2022\/08\/20220830_-_P_George_Bezzina_-_600px.jpg?fit=600%2C450&ssl=1",600,450,true],"1536x1536":["https:\/\/i0.wp.com\/agostinjani.org\/wp-content\/uploads\/2022\/08\/20220830_-_P_George_Bezzina_-_600px.jpg?fit=600%2C450&ssl=1",600,450,true],"2048x2048":["https:\/\/i0.wp.com\/agostinjani.org\/wp-content\/uploads\/2022\/08\/20220830_-_P_George_Bezzina_-_600px.jpg?fit=600%2C450&ssl=1",600,450,true],"gform-image-choice-sm":["https:\/\/i0.wp.com\/agostinjani.org\/wp-content\/uploads\/2022\/08\/20220830_-_P_George_Bezzina_-_600px.jpg?resize=300%2C300&ssl=1",300,300,true],"gform-image-choice-md":["https:\/\/i0.wp.com\/agostinjani.org\/wp-content\/uploads\/2022\/08\/20220830_-_P_George_Bezzina_-_600px.jpg?resize=400%2C400&ssl=1",400,400,true],"gform-image-choice-lg":["https:\/\/i0.wp.com\/agostinjani.org\/wp-content\/uploads\/2022\/08\/20220830_-_P_George_Bezzina_-_600px.jpg?resize=600%2C450&ssl=1",600,450,true]},"uagb_author_info":{"display_name":"Fr Terence Spiteri","author_link":"https:\/\/agostinjani.org\/mt\/author\/frterences\/"},"uagb_comment_info":0,"uagb_excerpt":"Il-Provin\u010bja Agostinjana Maltija t\u0127abbar b\u2019sog\u0127ba l-mewt ta\u2019 P. George Bezzina li llum 30 ta Awissu 2022, mar jiltaqa\u2019 mal-Mulej li tant \u0127abb u qeda matul \u0127ajtu, fl-eta sabi\u0127a ta\u2019 94 sena. F\u2019dawn l-a\u0127\u0127ar snin P. George kien rikoverat fid-Dar tal-Kleru Birkirkara, wara diversi snin fil-Komunita tal-Parro\u010b\u010ba ta\u2019 Santu Wistin fil-Belt Valletta. P. George twieled il-G\u0127arg\u0127ur&hellip;","_links":{"self":[{"href":"https:\/\/agostinjani.org\/mt\/wp-json\/wp\/v2\/posts\/1043","targetHints":{"allow":["GET"]}}],"collection":[{"href":"https:\/\/agostinjani.org\/mt\/wp-json\/wp\/v2\/posts"}],"about":[{"href":"https:\/\/agostinjani.org\/mt\/wp-json\/wp\/v2\/types\/post"}],"author":[{"embeddable":true,"href":"https:\/\/agostinjani.org\/mt\/wp-json\/wp\/v2\/users\/4"}],"replies":[{"embeddable":true,"href":"https:\/\/agostinjani.org\/mt\/wp-json\/wp\/v2\/comments?post=1043"}],"version-history":[{"count":0,"href":"https:\/\/agostinjani.org\/mt\/wp-json\/wp\/v2\/posts\/1043\/revisions"}],"wp:featuredmedia":[{"embeddable":true,"href":"https:\/\/agostinjani.org\/mt\/wp-json\/wp\/v2\/media\/2339"}],"wp:attachment":[{"href":"https:\/\/agostinjani.org\/mt\/wp-json\/wp\/v2\/media?parent=1043"}],"wp:term":[{"taxonomy":"category","embeddable":true,"href":"https:\/\/agostinjani.org\/mt\/wp-json\/wp\/v2\/categories?post=1043"},{"taxonomy":"post_tag","embeddable":true,"href":"https:\/\/agostinjani.org\/mt\/wp-json\/wp\/v2\/tags?post=1043"}],"curies":[{"name":"wp","href":"https:\/\/api.w.org\/{rel}","templated":true}]}}